{"id":7237,"date":"2026-01-22T18:52:16","date_gmt":"2026-01-22T17:52:16","guid":{"rendered":"https:\/\/nfg24.de\/w_press\/?p=7237"},"modified":"2026-01-22T18:52:16","modified_gmt":"2026-01-22T17:52:16","slug":"die-neue-friedlaender-gesamtschule-laedt-ein-2","status":"publish","type":"post","link":"https:\/\/nfg24.de\/w_press\/2026\/01\/22\/die-neue-friedlaender-gesamtschule-laedt-ein-2\/","title":{"rendered":"Die \u201eneue friedl\u00e4nder gesamtschule\u201c l\u00e4dt ein"},"content":{"rendered":"\n<p>Am <strong>27. Januar 2026<\/strong> l\u00e4dt die \u201eneue friedl\u00e4nder gesamtschule\u201c in der Zeit <strong>von 17.30 Uhr bis 20.00 Uhr <\/strong>alle Interessierten zu einem Informationsabend ein. Die Veranstaltung richtet sich insbesondere an Eltern von Viert- und Sechstkl\u00e4sslern.<\/p>\n\n\n\n<p>Um 18.00 Uhr wird der Schulleiter, Herr Sch\u00f6nle-Sithoe, die Anwesenden im Atrium der Schule begr\u00fc\u00dfen. Dar\u00fcber hinaus besteht an diesem Abend die M\u00f6glichkeit, bei gef\u00fchrten <strong>Rundg\u00e4ngen<\/strong>, die die Sch\u00fclerinnen und Sch\u00fcler der 5. Klassen \u00fcbernehmen, unsere <strong>Schule <\/strong>zu<strong> besichtigen<\/strong><em>.<\/em><\/p>\n\n\n\n<p>In den Fachr\u00e4umen und im Atrium informieren Fachlehrerinnen und Fachlehrer \u00fcber Inhalte der einzelnen Unterrichtsf\u00e4cher und geben Einblicke in die praktische Arbeit.&nbsp;<\/p>\n\n\n\n<p>Auf der <strong>um 19.00 Uhr <\/strong>geplanten <strong>Informationsveranstaltung<\/strong> wird der Schulleiter das Profil unserer Kooperativen Gesamtschule, den einzelnen Bildungsg\u00e4ngen, den Arbeitsschwerpunkten und den zus\u00e4tzlichen Angeboten der Ganztagsschule vorstellen und m\u00f6gliche Fragen der Eltern beantworten.<\/p>\n\n\n\n<p>Weiterhin sind Lehrkr\u00e4fte der Orientierungsstufe, das Schulleitungsteam und weitere Mitarbeitende der Schule an diesem Tag f\u00fcr Sie vor Ort.<\/p>\n\n\n\n<p>Wir w\u00fcrden uns freuen, Sie am 27. Januar bei uns in der neuen friedl\u00e4nder gesamtschule begr\u00fc\u00dfen zu d\u00fcrfen.<\/p>\n","protected":false},"excerpt":{"rendered":"<p>Am 27. Januar 2026 l\u00e4dt die \u201eneue friedl\u00e4nder gesamtschule\u201c in der Zeit von 17.30 Uhr bis 20.00 Uhr alle Interessierten zu einem Informationsabend ein. Die Veranstaltung richtet sich insbesondere an Eltern von Viert- und Sechstkl\u00e4sslern. &hellip; <a href=\"https:\/\/nfg24.de\/w_press\/2026\/01\/22\/die-neue-friedlaender-gesamtschule-laedt-ein-2\/\">Weiterlesen<\/a><\/p>\n","protected":false},"author":1,"featured_media":1336,"comment_status":"closed","ping_status":"closed","sticky":false,"template":"","format":"standard","meta":{"footnotes":""},"categories":[1],"tags":[],"class_list":["post-7237","post","type-post","status-publish","format-standard","has-post-thumbnail","hentry","category-news"],"_links":{"self":[{"href":"https:\/\/nfg24.de\/w_press\/wp-json\/wp\/v2\/posts\/7237","targetHints":{"allow":["GET"]}}],"collection":[{"href":"https:\/\/nfg24.de\/w_press\/wp-json\/wp\/v2\/posts"}],"about":[{"href":"https:\/\/nfg24.de\/w_press\/wp-json\/wp\/v2\/types\/post"}],"author":[{"embeddable":true,"href":"https:\/\/nfg24.de\/w_press\/wp-json\/wp\/v2\/users\/1"}],"replies":[{"embeddable":true,"href":"https:\/\/nfg24.de\/w_press\/wp-json\/wp\/v2\/comments?post=7237"}],"version-history":[{"count":1,"href":"https:\/\/nfg24.de\/w_press\/wp-json\/wp\/v2\/posts\/7237\/revisions"}],"predecessor-version":[{"id":7238,"href":"https:\/\/nfg24.de\/w_press\/wp-json\/wp\/v2\/posts\/7237\/revisions\/7238"}],"wp:featuredmedia":[{"embeddable":true,"href":"https:\/\/nfg24.de\/w_press\/wp-json\/wp\/v2\/media\/1336"}],"wp:attachment":[{"href":"https:\/\/nfg24.de\/w_press\/wp-json\/wp\/v2\/media?parent=7237"}],"wp:term":[{"taxonomy":"category","embeddable":true,"href":"https:\/\/nfg24.de\/w_press\/wp-json\/wp\/v2\/categories?post=7237"},{"taxonomy":"post_tag","embeddable":true,"href":"https:\/\/nfg24.de\/w_press\/wp-json\/wp\/v2\/tags?post=7237"}],"curies":[{"name":"wp","href":"https:\/\/api.w.org\/{rel}","templated":true}]}}