{"id":7087,"date":"2025-10-17T13:52:01","date_gmt":"2025-10-17T11:52:01","guid":{"rendered":"https:\/\/nfg24.de\/w_press\/?p=7087"},"modified":"2025-10-17T13:52:01","modified_gmt":"2025-10-17T11:52:01","slug":"die-einwahl-laeuft-ganztagsschulangebot-2025-2026","status":"publish","type":"post","link":"https:\/\/nfg24.de\/w_press\/2025\/10\/17\/die-einwahl-laeuft-ganztagsschulangebot-2025-2026\/","title":{"rendered":"Die Einwahl l\u00e4uft &#8211; Ganztagsschulangebot 2025\/2026"},"content":{"rendered":"\n<p>Liebe Sch\u00fclerinnen und Sch\u00fcler, liebe Eltern und Erziehungsberechtigte, <\/p>\n\n\n\n<p>anbei haben wir hier die \u00dcbersicht f\u00fcr die Ganztagsschulangebote des diesj\u00e4hrigen Schuljahres. Die erste Einwahl hat bereits stattgefunden. Sollte jemand f\u00fcr sich oder sein Kind Interesse haben, k\u00f6nnen noch Anmeldungen \u00fcber Frau Gromann nachgereicht werden. <\/p>\n\n\n\n<p>Wir freuen uns \u00fcber jeden Teilnehmenden und danken unseren Partner:innen f\u00fcr das vielf\u00e4ltige Angebot. <\/p>\n\n\n\n<div data-wp-interactive=\"core\/file\" class=\"wp-block-file\"><object data-wp-bind--hidden=\"!state.hasPdfPreview\" hidden class=\"wp-block-file__embed\" data=\"https:\/\/nfg24.de\/w_press\/wp-content\/uploads\/2025\/10\/GTS-Angebot-2025-26.pdf\" type=\"application\/pdf\" style=\"width:100%;height:600px\" aria-label=\"Einbettung von GTS-Angebot 2025-26.\"><\/object><a id=\"wp-block-file--media-2e17bf9b-bc53-4567-ac3a-4d2ef7793c37\" href=\"https:\/\/nfg24.de\/w_press\/wp-content\/uploads\/2025\/10\/GTS-Angebot-2025-26.pdf\" target=\"_blank\" rel=\"noreferrer noopener\">GTS-Angebot 2025-26<\/a><a href=\"https:\/\/nfg24.de\/w_press\/wp-content\/uploads\/2025\/10\/GTS-Angebot-2025-26.pdf\" class=\"wp-block-file__button wp-element-button\" download aria-describedby=\"wp-block-file--media-2e17bf9b-bc53-4567-ac3a-4d2ef7793c37\">Herunterladen<\/a><\/div>\n\n\n\n<p><\/p>\n","protected":false},"excerpt":{"rendered":"<p>Liebe Sch\u00fclerinnen und Sch\u00fcler, liebe Eltern und Erziehungsberechtigte, anbei haben wir hier die \u00dcbersicht f\u00fcr die Ganztagsschulangebote des diesj\u00e4hrigen Schuljahres. Die erste Einwahl hat bereits stattgefunden. Sollte jemand f\u00fcr sich oder sein Kind Interesse haben, &hellip; <a href=\"https:\/\/nfg24.de\/w_press\/2025\/10\/17\/die-einwahl-laeuft-ganztagsschulangebot-2025-2026\/\">Weiterlesen<\/a><\/p>\n","protected":false},"author":1,"featured_media":2227,"comment_status":"closed","ping_status":"closed","sticky":false,"template":"","format":"standard","meta":{"footnotes":""},"categories":[1],"tags":[],"class_list":["post-7087","post","type-post","status-publish","format-standard","has-post-thumbnail","hentry","category-news"],"_links":{"self":[{"href":"https:\/\/nfg24.de\/w_press\/wp-json\/wp\/v2\/posts\/7087","targetHints":{"allow":["GET"]}}],"collection":[{"href":"https:\/\/nfg24.de\/w_press\/wp-json\/wp\/v2\/posts"}],"about":[{"href":"https:\/\/nfg24.de\/w_press\/wp-json\/wp\/v2\/types\/post"}],"author":[{"embeddable":true,"href":"https:\/\/nfg24.de\/w_press\/wp-json\/wp\/v2\/users\/1"}],"replies":[{"embeddable":true,"href":"https:\/\/nfg24.de\/w_press\/wp-json\/wp\/v2\/comments?post=7087"}],"version-history":[{"count":1,"href":"https:\/\/nfg24.de\/w_press\/wp-json\/wp\/v2\/posts\/7087\/revisions"}],"predecessor-version":[{"id":7089,"href":"https:\/\/nfg24.de\/w_press\/wp-json\/wp\/v2\/posts\/7087\/revisions\/7089"}],"wp:featuredmedia":[{"embeddable":true,"href":"https:\/\/nfg24.de\/w_press\/wp-json\/wp\/v2\/media\/2227"}],"wp:attachment":[{"href":"https:\/\/nfg24.de\/w_press\/wp-json\/wp\/v2\/media?parent=7087"}],"wp:term":[{"taxonomy":"category","embeddable":true,"href":"https:\/\/nfg24.de\/w_press\/wp-json\/wp\/v2\/categories?post=7087"},{"taxonomy":"post_tag","embeddable":true,"href":"https:\/\/nfg24.de\/w_press\/wp-json\/wp\/v2\/tags?post=7087"}],"curies":[{"name":"wp","href":"https:\/\/api.w.org\/{rel}","templated":true}]}}