{"id":6743,"date":"2025-02-18T09:52:25","date_gmt":"2025-02-18T08:52:25","guid":{"rendered":"https:\/\/nfg24.de\/w_press\/?p=6743"},"modified":"2025-02-18T09:52:25","modified_gmt":"2025-02-18T08:52:25","slug":"die-galerie-der-ehemaligen-praesentiert-felix-jess","status":"publish","type":"post","link":"https:\/\/nfg24.de\/w_press\/2025\/02\/18\/die-galerie-der-ehemaligen-praesentiert-felix-jess\/","title":{"rendered":"Die Galerie der Ehemaligen pr\u00e4sentiert: Felix Jess"},"content":{"rendered":"\n<p>Felix war von 2005 bis 2012 an unserer Schule. Fr\u00fch fiel er schon mit seinem zeichnerischen Talent und seiner fantasievollen Kreativit\u00e4t auf. Aus dieser Freude am Fach Kunst entwickelte sich seine Leidenschaft f\u00fcr das k\u00fcnstlerische Gestalten, folgerichtig studierte er dann auch in Greifswald <em>Bildende Kunst<\/em> mit den Schwerpunkten <em>Malerei und Keramik<\/em>. Seit 2024 ist er Mitglied im Bund Bildender K\u00fcnstlerInnen Mecklenburg-Vorpommern. Zudem arbeitet er als Dozent der Hochschule f\u00fcr Grafik und Design in Greifswald.<\/p>\n\n\n\n<p>Wir freuen uns sehr auf seine Werke, die in unserer Schule bis zu den Osterferien bewundert werden k\u00f6nnen. Und laden alle ein, die zu seiner Ausstellungser\u00f6ffnung am 25. Februar um 18.00 Uhr zu uns kommen m\u00f6gen.<\/p>\n\n\n\n<figure class=\"wp-block-image size-full\"><img loading=\"lazy\" decoding=\"async\" width=\"1200\" height=\"1697\" src=\"https:\/\/nfg24.de\/w_press\/wp-content\/uploads\/2025\/02\/Felix-Jess-Plakat-nfg-2025.jpg\" alt=\"\" class=\"wp-image-6744\" srcset=\"https:\/\/nfg24.de\/w_press\/wp-content\/uploads\/2025\/02\/Felix-Jess-Plakat-nfg-2025.jpg 1200w, https:\/\/nfg24.de\/w_press\/wp-content\/uploads\/2025\/02\/Felix-Jess-Plakat-nfg-2025-212x300.jpg 212w, https:\/\/nfg24.de\/w_press\/wp-content\/uploads\/2025\/02\/Felix-Jess-Plakat-nfg-2025-424x600.jpg 424w, https:\/\/nfg24.de\/w_press\/wp-content\/uploads\/2025\/02\/Felix-Jess-Plakat-nfg-2025-768x1086.jpg 768w, https:\/\/nfg24.de\/w_press\/wp-content\/uploads\/2025\/02\/Felix-Jess-Plakat-nfg-2025-1086x1536.jpg 1086w\" sizes=\"auto, (max-width: 1200px) 100vw, 1200px\" \/><\/figure>\n","protected":false},"excerpt":{"rendered":"<p>Felix war von 2005 bis 2012 an unserer Schule. Fr\u00fch fiel er schon mit seinem zeichnerischen Talent und seiner fantasievollen Kreativit\u00e4t auf. Aus dieser Freude am Fach Kunst entwickelte sich seine Leidenschaft f\u00fcr das k\u00fcnstlerische &hellip; <a href=\"https:\/\/nfg24.de\/w_press\/2025\/02\/18\/die-galerie-der-ehemaligen-praesentiert-felix-jess\/\">Weiterlesen<\/a><\/p>\n","protected":false},"author":1,"featured_media":6744,"comment_status":"closed","ping_status":"closed","sticky":false,"template":"","format":"standard","meta":{"footnotes":""},"categories":[1],"tags":[],"class_list":["post-6743","post","type-post","status-publish","format-standard","has-post-thumbnail","hentry","category-news"],"_links":{"self":[{"href":"https:\/\/nfg24.de\/w_press\/wp-json\/wp\/v2\/posts\/6743","targetHints":{"allow":["GET"]}}],"collection":[{"href":"https:\/\/nfg24.de\/w_press\/wp-json\/wp\/v2\/posts"}],"about":[{"href":"https:\/\/nfg24.de\/w_press\/wp-json\/wp\/v2\/types\/post"}],"author":[{"embeddable":true,"href":"https:\/\/nfg24.de\/w_press\/wp-json\/wp\/v2\/users\/1"}],"replies":[{"embeddable":true,"href":"https:\/\/nfg24.de\/w_press\/wp-json\/wp\/v2\/comments?post=6743"}],"version-history":[{"count":1,"href":"https:\/\/nfg24.de\/w_press\/wp-json\/wp\/v2\/posts\/6743\/revisions"}],"predecessor-version":[{"id":6745,"href":"https:\/\/nfg24.de\/w_press\/wp-json\/wp\/v2\/posts\/6743\/revisions\/6745"}],"wp:featuredmedia":[{"embeddable":true,"href":"https:\/\/nfg24.de\/w_press\/wp-json\/wp\/v2\/media\/6744"}],"wp:attachment":[{"href":"https:\/\/nfg24.de\/w_press\/wp-json\/wp\/v2\/media?parent=6743"}],"wp:term":[{"taxonomy":"category","embeddable":true,"href":"https:\/\/nfg24.de\/w_press\/wp-json\/wp\/v2\/categories?post=6743"},{"taxonomy":"post_tag","embeddable":true,"href":"https:\/\/nfg24.de\/w_press\/wp-json\/wp\/v2\/tags?post=6743"}],"curies":[{"name":"wp","href":"https:\/\/api.w.org\/{rel}","templated":true}]}}