{"id":6707,"date":"2024-12-21T17:09:01","date_gmt":"2024-12-21T16:09:01","guid":{"rendered":"https:\/\/nfg24.de\/w_press\/?p=6707"},"modified":"2024-12-21T17:09:01","modified_gmt":"2024-12-21T16:09:01","slug":"tag-der-offenen-tuer-die-neue-friedlaender-gesamtschule-laedt-ein","status":"publish","type":"post","link":"https:\/\/nfg24.de\/w_press\/2024\/12\/21\/tag-der-offenen-tuer-die-neue-friedlaender-gesamtschule-laedt-ein\/","title":{"rendered":"Tag der offenen T\u00fcr\u00a0&#8211; Die neue friedl\u00e4nder gesamtschule l\u00e4dt ein"},"content":{"rendered":"\n<p>Am\u00a0<strong>Donnerstag, den\u00a016. Januar 2025<\/strong>\u00a0\u00f6ffnet die\u00a0<em>neue friedl\u00e4nder gesamtschule<\/em>\u00a0<strong>von<\/strong> <strong>18.00 bis 20.00 Uhr<\/strong> ihre\u00a0T\u00fcren und l\u00e4dt alle interessierten Eltern und zuk\u00fcnftigen Sch\u00fclerinnen und Sch\u00fcler ein, unsere Schule kennenzulernen.<\/p>\n\n\n\n<p>Die Veranstaltung richtet sich insbesondere an die Eltern von Viert- und Sechstkl\u00e4sslern, die sich \u00fcber die weitere Schulbildung ihrer Kinder informieren m\u00f6chten. Der Abend beginnt um <strong>18.00 Uhr<\/strong> mit einer <strong>Begr\u00fc\u00dfung durch den Schulleiter, Herrn\u00a0Sch\u00f6nle-Sithoe<\/strong>, im Atrium der Schule. Im Anschluss erwartet die Besucher ein <strong>kleines musikalisches Programm<\/strong>, das von Sch\u00fclerinnen und Sch\u00fclern unserer Schule pr\u00e4sentiert wird.<\/p>\n\n\n\n<p>Ein besonderes Highlight ist die M\u00f6glichkeit, die Schule in Begleitung von\u00a0Sch\u00fclerinnen und Sch\u00fclern zu besichtigen. In den Fach- und Klassenr\u00e4umen sowie im Atrium k\u00f6nnen die G\u00e4ste Arbeiten der Sch\u00fclerinnen\u00a0und Sch\u00fcler\u00a0bestaunen und erhalten spannende Einblicke in den Unterricht verschiedener Fachbereiche.<\/p>\n\n\n\n<p><strong>Um 19.15 Uhr <\/strong>findet eine <strong>Informationsveranstaltung<\/strong> statt, bei der Eltern wertvolle Hinweise zu der Organisation unserer Schule, den Bildungsg\u00e4ngen sowie unseren Ganztagsangeboten erhalten.<\/p>\n\n\n\n<p>Nat\u00fcrlich stehen unsere Lehrkr\u00e4fte der Orientierungsstufe, Fachlehrkr\u00e4fte, die Schulleitung sowie Sch\u00fclerinnen und Sch\u00fcler an diesem Abend f\u00fcr Ihre Fragen zur Verf\u00fcgung.<\/p>\n\n\n\n<p>F\u00fcr das leibliche Wohl der Besucher ist ebenfalls gesorgt.<\/p>\n\n\n\n<p>Wir freuen uns darauf, Sie an diesem Abend begr\u00fc\u00dfen zu d\u00fcrfen und Ihnen einen umfassenden Eindruck von unserer Arbeit vermitteln zu d\u00fcrfen.<\/p>\n\n\n\n<p>Herzliche Gr\u00fc\u00dfe<br>P.\u00a0Sch\u00f6nle-Sithoe, Schulleiter<\/p>\n\n\n\n<p><\/p>\n\n\n\n<p class=\"has-large-font-size\"><strong>Programm<\/strong><\/p>\n\n\n\n<figure class=\"wp-block-table\"><table class=\"has-fixed-layout\"><tbody><tr><td><strong>WANN<\/strong><\/td><td><strong>WO<\/strong><\/td><td><strong>WAS<\/strong><\/td><\/tr><tr><td>18.00 Uhr<\/td><td>Atrium<\/td><td>Er\u00f6ffnung&nbsp; durch den Schulleiter, Herrn Sch\u00f6nle-Sithoe<\/td><\/tr><tr><td>18.10 Uhr<\/td><td>Atrium<\/td><td>Gardetanz: Auftritt von Lana &amp; Mia (Kl. 5B) Schulband: Auftritt der <em>newborn fancy gentles<\/em><\/td><\/tr><tr><td>18.10 &#8211; 19.00 Uhr <em>(regelm\u00e4\u00dfig)<\/em><\/td><td>Start: Eingangsbereich&nbsp;<\/td><td>Schulhaus-F\u00fchrungen\u00a0 durch unsere F\u00fcnftkl\u00e4ssler:innen<\/td><\/tr><tr><td>19.15 &#8211; 19.45 Uhr<\/td><td>Doppelraum 112\/113<\/td><td>Infoveranstaltung Klasse 5 durch den Schulleiter,&nbsp; Herrn Sch\u00f6nle-Sithoe<\/td><\/tr><\/tbody><\/table><\/figure>\n\n\n\n<p><\/p>\n","protected":false},"excerpt":{"rendered":"<p>Am\u00a0Donnerstag, den\u00a016. Januar 2025\u00a0\u00f6ffnet die\u00a0neue friedl\u00e4nder gesamtschule\u00a0von 18.00 bis 20.00 Uhr ihre\u00a0T\u00fcren und l\u00e4dt alle interessierten Eltern und zuk\u00fcnftigen Sch\u00fclerinnen und Sch\u00fcler ein, unsere Schule kennenzulernen. Die Veranstaltung richtet sich insbesondere an die Eltern von &hellip; <a href=\"https:\/\/nfg24.de\/w_press\/2024\/12\/21\/tag-der-offenen-tuer-die-neue-friedlaender-gesamtschule-laedt-ein\/\">Weiterlesen<\/a><\/p>\n","protected":false},"author":1,"featured_media":1336,"comment_status":"closed","ping_status":"closed","sticky":false,"template":"","format":"standard","meta":{"footnotes":""},"categories":[1],"tags":[],"class_list":["post-6707","post","type-post","status-publish","format-standard","has-post-thumbnail","hentry","category-news"],"_links":{"self":[{"href":"https:\/\/nfg24.de\/w_press\/wp-json\/wp\/v2\/posts\/6707","targetHints":{"allow":["GET"]}}],"collection":[{"href":"https:\/\/nfg24.de\/w_press\/wp-json\/wp\/v2\/posts"}],"about":[{"href":"https:\/\/nfg24.de\/w_press\/wp-json\/wp\/v2\/types\/post"}],"author":[{"embeddable":true,"href":"https:\/\/nfg24.de\/w_press\/wp-json\/wp\/v2\/users\/1"}],"replies":[{"embeddable":true,"href":"https:\/\/nfg24.de\/w_press\/wp-json\/wp\/v2\/comments?post=6707"}],"version-history":[{"count":2,"href":"https:\/\/nfg24.de\/w_press\/wp-json\/wp\/v2\/posts\/6707\/revisions"}],"predecessor-version":[{"id":6709,"href":"https:\/\/nfg24.de\/w_press\/wp-json\/wp\/v2\/posts\/6707\/revisions\/6709"}],"wp:featuredmedia":[{"embeddable":true,"href":"https:\/\/nfg24.de\/w_press\/wp-json\/wp\/v2\/media\/1336"}],"wp:attachment":[{"href":"https:\/\/nfg24.de\/w_press\/wp-json\/wp\/v2\/media?parent=6707"}],"wp:term":[{"taxonomy":"category","embeddable":true,"href":"https:\/\/nfg24.de\/w_press\/wp-json\/wp\/v2\/categories?post=6707"},{"taxonomy":"post_tag","embeddable":true,"href":"https:\/\/nfg24.de\/w_press\/wp-json\/wp\/v2\/tags?post=6707"}],"curies":[{"name":"wp","href":"https:\/\/api.w.org\/{rel}","templated":true}]}}