{"id":6506,"date":"2024-10-05T21:56:07","date_gmt":"2024-10-05T19:56:07","guid":{"rendered":"https:\/\/nfg24.de\/w_press\/?p=6506"},"modified":"2024-11-04T14:27:50","modified_gmt":"2024-11-04T13:27:50","slug":"nach-18-jahren-als-schulleiter-der-nfg-verabschiedet-herr-boehnke-geht-in-den-ruhestand","status":"publish","type":"post","link":"https:\/\/nfg24.de\/w_press\/2024\/10\/05\/nach-18-jahren-als-schulleiter-der-nfg-verabschiedet-herr-boehnke-geht-in-den-ruhestand\/","title":{"rendered":"Nach 18 Jahren als Schulleiter der nfg verabschiedet \u2013 Herr B\u00f6hnke geht in den Ruhestand"},"content":{"rendered":"\n<p>Am Montag, <strong>den 30.09.2024<\/strong>, verabschiedeten Sch\u00fclerinnen und Sch\u00fcler sowie Kolleginnen und Kollegen den langj\u00e4hrigen Schulleiter, Herrn Heiko B\u00f6hnke, der in den wohlverdienten Ruhestand tritt.<\/p>\n\n\n\n<p>Den Auftakt bildete ein \u00dcberraschungsprogramm der Schulgemeinde. Herr B\u00f6hnke wurde vom Sch\u00fclerrat abgeholt und unter Beifall von Sch\u00fclerinnen und Sch\u00fclern, die f\u00fcr ihn Spalier standen, auf die B\u00fchne ins Atrium gelotst. Dort angekommen, durfte er, auf einem samtenen Thron sitzend, das Programm verfolgen. Der Chor, unter Leitung von Frau Gottlebe, sang ein umgedichtetes Lied und die Schulband spielte Rocksongs f\u00fcr den Chef. Dieser musste Quizfragen beantworten, um sich sein Abschlusszeugnis zu verdienen. Auch die F\u00fcnkchen des Friedl\u00e4nder Karneval Klubs lie\u00dfen es sich nicht nehmen, mit einer kleinen Darbietung, Servus zu sagen.<\/p>\n\n\n\n<p>Am Nachmittag verabschiedeten ehemalige Weggef\u00e4hrten, Kolleginnen und Kollegen den scheidenden Schulleiter in festlichem Rahmen. Nach bewegenden Gru\u00dfworten vom Schulrat, Herrn Weitschat, und Herrn Rautmann als Vertreter des Landkreises \u00fcbergab Heiko B\u00f6hnke sein Amt nach 18 Jahren an seinen Nachfolger, Herrn Sch\u00f6nle-Sithoe, der das Haus ab dem 1. Oktober 2024 f\u00fchren wird.<\/p>\n\n\n\n<p>Wie Herr B\u00f6hnke selbst seine Zeit als Schulleiter sieht und was es so ausmacht, ein Schulleiter zu sein, dies hatte er noch vor den Sommerferien in seinem letzten Interview mit dem Sch\u00fclerradio geteilt. \u00dcber <a href=\"https:\/\/nfg24.de\/w_press\/wp-content\/uploads\/2024\/11\/Interview-Herr-Boehnke.m4a\">diese Verlinkung<\/a> ist dieses Interview nachzuh\u00f6ren.<\/p>\n\n\n\n<p><strong>Als Schulgemeinde sagen wir Herrn B\u00f6hnke Dankesch\u00f6n f\u00fcr das herausragende Engagement in den Jahren als Schulleiter der nfg und w\u00fcnschen ihm von Herzen alles Gute<\/strong>. <\/p>\n\n\n\n<figure class=\"wp-block-gallery has-nested-images columns-default is-cropped wp-block-gallery-1 is-layout-flex wp-block-gallery-is-layout-flex\">\n<figure class=\"wp-block-image size-large\"><img loading=\"lazy\" decoding=\"async\" width=\"800\" height=\"533\" data-id=\"6518\" src=\"https:\/\/nfg24.de\/w_press\/wp-content\/uploads\/2024\/10\/Abschied-Hr.-Boehnke_Plakat_Kell-1-800x533.jpg\" alt=\"\" class=\"wp-image-6518\" srcset=\"https:\/\/nfg24.de\/w_press\/wp-content\/uploads\/2024\/10\/Abschied-Hr.-Boehnke_Plakat_Kell-1-800x533.jpg 800w, https:\/\/nfg24.de\/w_press\/wp-content\/uploads\/2024\/10\/Abschied-Hr.-Boehnke_Plakat_Kell-1-400x267.jpg 400w, https:\/\/nfg24.de\/w_press\/wp-content\/uploads\/2024\/10\/Abschied-Hr.-Boehnke_Plakat_Kell-1-768x512.jpg 768w, https:\/\/nfg24.de\/w_press\/wp-content\/uploads\/2024\/10\/Abschied-Hr.-Boehnke_Plakat_Kell-1-1536x1024.jpg 1536w, https:\/\/nfg24.de\/w_press\/wp-content\/uploads\/2024\/10\/Abschied-Hr.-Boehnke_Plakat_Kell-1-2048x1365.jpg 2048w\" sizes=\"auto, (max-width: 800px) 100vw, 800px\" \/><\/figure>\n\n\n\n<figure class=\"wp-block-image size-large\"><img loading=\"lazy\" decoding=\"async\" width=\"401\" height=\"600\" data-id=\"6513\" src=\"https:\/\/nfg24.de\/w_press\/wp-content\/uploads\/2024\/10\/Abschied_Blumenstrauss_2-1-401x600.jpg\" alt=\"\" class=\"wp-image-6513\" srcset=\"https:\/\/nfg24.de\/w_press\/wp-content\/uploads\/2024\/10\/Abschied_Blumenstrauss_2-1-401x600.jpg 401w, https:\/\/nfg24.de\/w_press\/wp-content\/uploads\/2024\/10\/Abschied_Blumenstrauss_2-1-200x300.jpg 200w, https:\/\/nfg24.de\/w_press\/wp-content\/uploads\/2024\/10\/Abschied_Blumenstrauss_2-1-768x1149.jpg 768w, https:\/\/nfg24.de\/w_press\/wp-content\/uploads\/2024\/10\/Abschied_Blumenstrauss_2-1-1026x1536.jpg 1026w, https:\/\/nfg24.de\/w_press\/wp-content\/uploads\/2024\/10\/Abschied_Blumenstrauss_2-1-1368x2048.jpg 1368w, https:\/\/nfg24.de\/w_press\/wp-content\/uploads\/2024\/10\/Abschied_Blumenstrauss_2-1-scaled.jpg 1710w\" sizes=\"auto, (max-width: 401px) 100vw, 401px\" \/><\/figure>\n\n\n\n<figure class=\"wp-block-image size-large\"><img loading=\"lazy\" decoding=\"async\" width=\"800\" height=\"534\" data-id=\"6516\" src=\"https:\/\/nfg24.de\/w_press\/wp-content\/uploads\/2024\/10\/Abschied_Boehke_Buehne-1-800x534.jpg\" alt=\"\" class=\"wp-image-6516\" srcset=\"https:\/\/nfg24.de\/w_press\/wp-content\/uploads\/2024\/10\/Abschied_Boehke_Buehne-1-800x534.jpg 800w, https:\/\/nfg24.de\/w_press\/wp-content\/uploads\/2024\/10\/Abschied_Boehke_Buehne-1-400x267.jpg 400w, https:\/\/nfg24.de\/w_press\/wp-content\/uploads\/2024\/10\/Abschied_Boehke_Buehne-1-768x513.jpg 768w, https:\/\/nfg24.de\/w_press\/wp-content\/uploads\/2024\/10\/Abschied_Boehke_Buehne-1-1536x1025.jpg 1536w, https:\/\/nfg24.de\/w_press\/wp-content\/uploads\/2024\/10\/Abschied_Boehke_Buehne-1-2048x1367.jpg 2048w\" sizes=\"auto, (max-width: 800px) 100vw, 800px\" \/><\/figure>\n\n\n\n<figure class=\"wp-block-image size-large\"><img loading=\"lazy\" decoding=\"async\" width=\"800\" height=\"531\" data-id=\"6514\" src=\"https:\/\/nfg24.de\/w_press\/wp-content\/uploads\/2024\/10\/Uebergabe-Staffelstab_Boehnke_Schoenle-1-800x531.jpg\" alt=\"\" class=\"wp-image-6514\" srcset=\"https:\/\/nfg24.de\/w_press\/wp-content\/uploads\/2024\/10\/Uebergabe-Staffelstab_Boehnke_Schoenle-1-800x531.jpg 800w, https:\/\/nfg24.de\/w_press\/wp-content\/uploads\/2024\/10\/Uebergabe-Staffelstab_Boehnke_Schoenle-1-400x266.jpg 400w, https:\/\/nfg24.de\/w_press\/wp-content\/uploads\/2024\/10\/Uebergabe-Staffelstab_Boehnke_Schoenle-1-768x510.jpg 768w, https:\/\/nfg24.de\/w_press\/wp-content\/uploads\/2024\/10\/Uebergabe-Staffelstab_Boehnke_Schoenle-1-1536x1020.jpg 1536w, https:\/\/nfg24.de\/w_press\/wp-content\/uploads\/2024\/10\/Uebergabe-Staffelstab_Boehnke_Schoenle-1-2048x1359.jpg 2048w\" sizes=\"auto, (max-width: 800px) 100vw, 800px\" \/><\/figure>\n<\/figure>\n\n\n\n<p><\/p>\n\n\n\n<p><\/p>\n","protected":false},"excerpt":{"rendered":"<p>Am Montag, den 30.09.2024, verabschiedeten Sch\u00fclerinnen und Sch\u00fcler sowie Kolleginnen und Kollegen den langj\u00e4hrigen Schulleiter, Herrn Heiko B\u00f6hnke, der in den wohlverdienten Ruhestand tritt. Den Auftakt bildete ein \u00dcberraschungsprogramm der Schulgemeinde. Herr B\u00f6hnke wurde vom &hellip; <a href=\"https:\/\/nfg24.de\/w_press\/2024\/10\/05\/nach-18-jahren-als-schulleiter-der-nfg-verabschiedet-herr-boehnke-geht-in-den-ruhestand\/\">Weiterlesen<\/a><\/p>\n","protected":false},"author":1,"featured_media":0,"comment_status":"closed","ping_status":"closed","sticky":false,"template":"","format":"standard","meta":{"footnotes":""},"categories":[1],"tags":[],"class_list":["post-6506","post","type-post","status-publish","format-standard","hentry","category-news"],"_links":{"self":[{"href":"https:\/\/nfg24.de\/w_press\/wp-json\/wp\/v2\/posts\/6506","targetHints":{"allow":["GET"]}}],"collection":[{"href":"https:\/\/nfg24.de\/w_press\/wp-json\/wp\/v2\/posts"}],"about":[{"href":"https:\/\/nfg24.de\/w_press\/wp-json\/wp\/v2\/types\/post"}],"author":[{"embeddable":true,"href":"https:\/\/nfg24.de\/w_press\/wp-json\/wp\/v2\/users\/1"}],"replies":[{"embeddable":true,"href":"https:\/\/nfg24.de\/w_press\/wp-json\/wp\/v2\/comments?post=6506"}],"version-history":[{"count":6,"href":"https:\/\/nfg24.de\/w_press\/wp-json\/wp\/v2\/posts\/6506\/revisions"}],"predecessor-version":[{"id":6557,"href":"https:\/\/nfg24.de\/w_press\/wp-json\/wp\/v2\/posts\/6506\/revisions\/6557"}],"wp:attachment":[{"href":"https:\/\/nfg24.de\/w_press\/wp-json\/wp\/v2\/media?parent=6506"}],"wp:term":[{"taxonomy":"category","embeddable":true,"href":"https:\/\/nfg24.de\/w_press\/wp-json\/wp\/v2\/categories?post=6506"},{"taxonomy":"post_tag","embeddable":true,"href":"https:\/\/nfg24.de\/w_press\/wp-json\/wp\/v2\/tags?post=6506"}],"curies":[{"name":"wp","href":"https:\/\/api.w.org\/{rel}","templated":true}]}}