{"id":6368,"date":"2024-04-17T12:00:00","date_gmt":"2024-04-17T10:00:00","guid":{"rendered":"https:\/\/nfg24.de\/w_press\/?p=6368"},"modified":"2024-04-28T23:19:29","modified_gmt":"2024-04-28T21:19:29","slug":"30-jahre-schulverein-der-neuen-friedlaender-gesamtschule","status":"publish","type":"post","link":"https:\/\/nfg24.de\/w_press\/2024\/04\/17\/30-jahre-schulverein-der-neuen-friedlaender-gesamtschule\/","title":{"rendered":"30 Jahre\u00a0Schulverein der neuen\u00a0friedl\u00e4nder\u00a0gesamtschule"},"content":{"rendered":"\n<p>Auf der Jubil\u00e4umsveranstaltung\u00a0am\u00a020.03.2024\u00a0kamen\u00a0die Vereinsmitglieder zusammen,\u00a0um diese\u00a0im festlichen\u00a0Rahmen zu begehen.\u00a0Aktuell z\u00e4hlt der Schulverein 57 Mitglieder.\u00a0Zun\u00e4chst wurde die j\u00e4hrliche Mitgliederversammlung durchgef\u00fchrt. <\/p>\n\n\n\n<!--more-->\n\n\n\n<p>Rechenschafts- und Finanzbericht\u00a0wurden\u00a0gehalten und dem bis dahin t\u00e4tigen Vorstand f\u00fcr seine Arbeit gedankt.\u00a0Die Revisionskommission gab ihren Pr\u00fcfbericht ab und der bisherige Vorstand wurde von den Vereinsmitgliedern entlastet. Neue\u00a0Vorstandswahlen standen auf der Tagesordnung.\u00a0Aylin Brandenburg und Isabel Walz\u00a0haben sich aus dem Vorstand\u00a0verabschiedet.\u00a0Ein Dank ging an ihre\u00a0geleistete Arbeit.\u00a0Der neue Vorstand wurde gew\u00e4hlt und hat in seiner konstituierenden Sitzung die\u00a0\u00c4mtervergabe vorgenommen. Neue Vorsitzende des Schulvereins ist\u00a0Tanja\u00a0G\u00fcnschmann. Das Amt der stellvertretenden Vorsitzenden\u00a0ist mit\u00a0Manuela K\u00f6hler besetzt. Ines Ebert bleibt dem Verein als Kassenwartin erhalten. Auf ihre verl\u00e4ssliche und korrekte Arbeit kann der Verein weiterhin z\u00e4hlen.<\/p>\n\n\n\n<p>Im Anschluss an die Mitgliederversammlung wurde die&nbsp;30-j\u00e4hrige&nbsp;Geschichte des Vereins&nbsp;in einer&nbsp;Pr\u00e4sentation dargestellt. Beginnend mit der Gr\u00fcndungsversammlung am&nbsp;23.04.1992, der dann erfolgten Eintragung im Registergericht am&nbsp;12.07.1994, folgten viele spannende, aufregende und lustige Geschichten aus den mehr als 30 Mitgliederversammlungen der Vereinsgeschichte, aus F\u00f6rderprogrammen und gemeinsamen Veranstaltungen.&nbsp;Die bisherigen im Vorstand t\u00e4tigen Personen wurde geehrt.&nbsp;Ein riesiges Dankesch\u00f6n ging&nbsp;an&nbsp;Dr.&nbsp;Wolfgang&nbsp;Barthel, der alle Anwesenden gedanklich mit in die Gr\u00fcndungszeit des Vereins nahm. Mit eigenen Worten in einem spannend ausgearbeiteten Beitrag wurden wir Teil dieser Zeitreise, in der die Rahmenbedingungen sowohl politisch als auch gesellschaftlich aufgezeigt wurden. Einen weiteren Beitrag an diesem unterhaltsamen Abend leisteten Marion&nbsp;Krella&nbsp;als Gr\u00fcndungsmitglied und langj\u00e4hriges Mitglied des Vereinsvorstands&nbsp;sowie der Schulleiter&nbsp;Heiko B\u00f6hnke. Als&nbsp;Schulleiter seit 2006 ist der Schulverein&nbsp;sein&nbsp;fast t\u00e4glicher&nbsp;Begleiter in sozialen Projekten, die \u00fcber den Schulsozialarbeiter Gerald Riebe beantragt und abgerechnet werden. Auch ihnen wurde offiziell gedankt.&nbsp;<\/p>\n\n\n\n<p>Der&nbsp;festliche&nbsp;Rahmen&nbsp;wurde durch drei Mitglieder der&nbsp;Schulband ausgestaltet. Die Schulband ist eine absolute Bereicherung unserer Schule \u2013 da waren sich alle Vereinsmitglieder und G\u00e4ste einig.&nbsp;Der Abend verlief unterhaltsam am&nbsp;Buffet \u2013 ausgerichtet von Familie Weimann bei netten Gespr\u00e4chen und dem Bl\u00e4ttern in den Jahrb\u00fcchern. Diese wurden lange mit viel Liebe zum Detail handschriftlich als&nbsp;Schulchroniken&nbsp;gef\u00fchrt und&nbsp;sp\u00e4ter \u2013 bis heute in einer&nbsp;Printausgabe durch die Arbeitsgruppe Jahrbuch&nbsp;erstellt. Der Schulverein steht meist im Hintergrund all dieser&nbsp;u.a.&nbsp;in den Jahrb\u00fcchern festgehaltenen Momente, als F\u00f6rderer f\u00fcr ein buntes&nbsp;und vielf\u00e4ltiges&nbsp;Schulleben. Auch in Zukunft wird dies so sein!&nbsp;In weiterhin guter Zusammenarbeit mit der Schulkonferenz, dem Schulelternrat und dem Sch\u00fclerrat werden wir am Schulleben teilhaben.&nbsp;Wer Lust hat, sich hier mit Ideen einzubringen ist herzlich Willkommen.<\/p>\n\n\n\n<p>Der Vorstand<\/p>\n\n\n\n<div class=\"alignnormal\"><div id=\"metaslider-id-6379\" style=\"max-width: 800px; margin: 0 auto;\" class=\"ml-slider-3-108-0 metaslider metaslider-flex metaslider-6379 ml-slider has-dots-nav ms-theme-default\" role=\"region\" aria-label=\"F\u00f6rderverein Jubil\u00e4um M\u00e4rz 24\" data-height=\"600\" data-width=\"800\">\n    <div id=\"metaslider_container_6379\">\n        <div id=\"metaslider_6379\">\n            <ul class='slides'>\n                <li style=\"display: block; width: 100%;\" class=\"slide-6387 ms-image \" aria-roledescription=\"slide\" data-date=\"2024-04-28 17:15:30\" data-filename=\"1000075175-800x600.jpg\" data-slide-type=\"image\"><img loading=\"lazy\" decoding=\"async\" src=\"https:\/\/nfg24.de\/w_press\/wp-content\/uploads\/2024\/04\/1000075175-800x600.jpg\" height=\"600\" width=\"800\" alt=\"\" class=\"slider-6379 slide-6387 msDefaultImage\" title=\"1000075175\" \/><\/li>\n                <li style=\"display: none; width: 100%;\" class=\"slide-6390 ms-image \" aria-roledescription=\"slide\" data-date=\"2024-04-28 17:15:30\" data-filename=\"1000075196-800x600.jpg\" data-slide-type=\"image\"><img loading=\"lazy\" decoding=\"async\" src=\"https:\/\/nfg24.de\/w_press\/wp-content\/uploads\/2024\/04\/1000075196-800x600.jpg\" height=\"600\" width=\"800\" alt=\"\" class=\"slider-6379 slide-6390 msDefaultImage\" title=\"1000075196\" \/><\/li>\n                <li style=\"display: none; width: 100%;\" class=\"slide-6391 ms-image \" aria-roledescription=\"slide\" data-date=\"2024-04-28 17:15:30\" data-filename=\"1000075199-800x600.jpg\" data-slide-type=\"image\"><img loading=\"lazy\" decoding=\"async\" src=\"https:\/\/nfg24.de\/w_press\/wp-content\/uploads\/2024\/04\/1000075199-800x600.jpg\" height=\"600\" width=\"800\" alt=\"\" class=\"slider-6379 slide-6391 msDefaultImage\" title=\"1000075199\" \/><\/li>\n                <li style=\"display: none; width: 100%;\" class=\"slide-6394 ms-image \" aria-roledescription=\"slide\" data-date=\"2024-04-28 17:16:18\" data-filename=\"1000075181-786x590.jpg\" data-slide-type=\"image\"><img loading=\"lazy\" decoding=\"async\" src=\"https:\/\/nfg24.de\/w_press\/wp-content\/uploads\/2024\/04\/1000075181-786x590.jpg\" height=\"600\" width=\"800\" alt=\"\" class=\"slider-6379 slide-6394 msDefaultImage\" title=\"1000075181\" \/><\/li>\n                <li style=\"display: none; width: 100%;\" class=\"slide-6392 ms-image \" aria-roledescription=\"slide\" data-date=\"2024-04-28 17:15:30\" data-filename=\"1000075211-800x600.jpg\" data-slide-type=\"image\"><img loading=\"lazy\" decoding=\"async\" src=\"https:\/\/nfg24.de\/w_press\/wp-content\/uploads\/2024\/04\/1000075211-800x600.jpg\" height=\"600\" width=\"800\" alt=\"\" class=\"slider-6379 slide-6392 msDefaultImage\" title=\"1000075211\" \/><\/li>\n                <li style=\"display: none; width: 100%;\" class=\"slide-6393 ms-image \" aria-roledescription=\"slide\" data-date=\"2024-04-28 17:15:30\" data-filename=\"1000076202-800x600.jpg\" data-slide-type=\"image\"><img loading=\"lazy\" decoding=\"async\" src=\"https:\/\/nfg24.de\/w_press\/wp-content\/uploads\/2024\/04\/1000076202-800x600.jpg\" height=\"600\" width=\"800\" alt=\"\" class=\"slider-6379 slide-6393 msDefaultImage\" title=\"1000076202\" \/><\/li>\n            <\/ul>\n        <\/div>\n        \n    <\/div>\n<\/div><\/div>\n","protected":false},"excerpt":{"rendered":"<p>Auf der Jubil\u00e4umsveranstaltung\u00a0am\u00a020.03.2024\u00a0kamen\u00a0die Vereinsmitglieder zusammen,\u00a0um diese\u00a0im festlichen\u00a0Rahmen zu begehen.\u00a0Aktuell z\u00e4hlt der Schulverein 57 Mitglieder.\u00a0Zun\u00e4chst wurde die j\u00e4hrliche Mitgliederversammlung durchgef\u00fchrt.<\/p>\n","protected":false},"author":1,"featured_media":6386,"comment_status":"closed","ping_status":"closed","sticky":false,"template":"","format":"standard","meta":{"footnotes":""},"categories":[1],"tags":[],"class_list":["post-6368","post","type-post","status-publish","format-standard","has-post-thumbnail","hentry","category-news"],"_links":{"self":[{"href":"https:\/\/nfg24.de\/w_press\/wp-json\/wp\/v2\/posts\/6368","targetHints":{"allow":["GET"]}}],"collection":[{"href":"https:\/\/nfg24.de\/w_press\/wp-json\/wp\/v2\/posts"}],"about":[{"href":"https:\/\/nfg24.de\/w_press\/wp-json\/wp\/v2\/types\/post"}],"author":[{"embeddable":true,"href":"https:\/\/nfg24.de\/w_press\/wp-json\/wp\/v2\/users\/1"}],"replies":[{"embeddable":true,"href":"https:\/\/nfg24.de\/w_press\/wp-json\/wp\/v2\/comments?post=6368"}],"version-history":[{"count":7,"href":"https:\/\/nfg24.de\/w_press\/wp-json\/wp\/v2\/posts\/6368\/revisions"}],"predecessor-version":[{"id":6407,"href":"https:\/\/nfg24.de\/w_press\/wp-json\/wp\/v2\/posts\/6368\/revisions\/6407"}],"wp:featuredmedia":[{"embeddable":true,"href":"https:\/\/nfg24.de\/w_press\/wp-json\/wp\/v2\/media\/6386"}],"wp:attachment":[{"href":"https:\/\/nfg24.de\/w_press\/wp-json\/wp\/v2\/media?parent=6368"}],"wp:term":[{"taxonomy":"category","embeddable":true,"href":"https:\/\/nfg24.de\/w_press\/wp-json\/wp\/v2\/categories?post=6368"},{"taxonomy":"post_tag","embeddable":true,"href":"https:\/\/nfg24.de\/w_press\/wp-json\/wp\/v2\/tags?post=6368"}],"curies":[{"name":"wp","href":"https:\/\/api.w.org\/{rel}","templated":true}]}}