{"id":6243,"date":"2024-01-29T11:05:35","date_gmt":"2024-01-29T10:05:35","guid":{"rendered":"https:\/\/nfg24.de\/w_press\/?p=6243"},"modified":"2024-01-29T11:05:59","modified_gmt":"2024-01-29T10:05:59","slug":"71-europaeischer-wettbewerb-hat-stattgefunden","status":"publish","type":"post","link":"https:\/\/nfg24.de\/w_press\/2024\/01\/29\/71-europaeischer-wettbewerb-hat-stattgefunden\/","title":{"rendered":"71. Europ\u00e4ischer Wettbewerb hat stattgefunden"},"content":{"rendered":"\n<p>\u201eEuropa (un)limited\u201c &#8211; so lautet das Motto des diesj\u00e4hrigen europ\u00e4ischen Wettbewerbs. An unserem Projekttag am 23.2.24 nahmen fast 40 Sch\u00fcler:innen teil, viele hatten schon zuvor im Kunstunterricht kreative Ideen zu den jeweiligen Themenstellungen entwickelt und mit ihren k\u00fcnstlerischen Arbeiten dazu begonnen. So arbeiteten die 7. Klassen zu dem Thema \u201eFabelhaft!\u201c, w\u00e4hrend es ab der 8. Klasse um&nbsp; \u201eDas digitale Ich\u201c oder \u201eMigration \u00fcberschreitet Grenzen\u201c ging.&nbsp;<\/p>\n\n\n\n<p>Nun sind wir gespannt, denn schon am 19. Februar tagt die Jury! Wir hoffen auf viele Preistr\u00e4gerInnen, die dann voraussichtlich im Mai ausgezeichnet werden.<\/p>\n\n\n\n<div class=\"alignnormal\"><div id=\"metaslider-id-6246\" style=\"max-width: 800px; margin: 0 auto;\" class=\"ml-slider-3-108-0 metaslider metaslider-flex metaslider-6246 ml-slider has-dots-nav ms-theme-default\" role=\"region\" aria-label=\"EW 2024\" data-height=\"600\" data-width=\"800\">\n    <div id=\"metaslider_container_6246\">\n        <div id=\"metaslider_6246\" class=\"flexslider\">\n            <ul class='slides'>\n                <li style=\"display: block; width: 100%;\" class=\"slide-6251 ms-image \" aria-roledescription=\"slide\" data-date=\"2024-01-29 11:04:32\" data-filename=\"IMG_1586.jpg\" data-slide-type=\"image\"><img loading=\"lazy\" decoding=\"async\" src=\"https:\/\/nfg24.de\/w_press\/wp-content\/uploads\/2024\/01\/IMG_1586.jpg\" height=\"600\" width=\"800\" alt=\"\" class=\"slider-6246 slide-6251 msDefaultImage\" title=\"IMG_1586\" \/><\/li>\n                <li style=\"display: none; width: 100%;\" class=\"slide-6252 ms-image \" aria-roledescription=\"slide\" data-date=\"2024-01-29 11:04:32\" data-filename=\"Norman-DrA\u00b6se-800x600.jpg\" data-slide-type=\"image\"><img loading=\"lazy\" decoding=\"async\" src=\"https:\/\/nfg24.de\/w_press\/wp-content\/uploads\/2024\/01\/Norman-DrA\u00b6se-800x600.jpg\" height=\"600\" width=\"800\" alt=\"\" class=\"slider-6246 slide-6252 msDefaultImage\" title=\"Norman Dr\u00c3\u00b6se\" \/><\/li>\n                <li style=\"display: none; width: 100%;\" class=\"slide-6253 ms-image \" aria-roledescription=\"slide\" data-date=\"2024-01-29 11:04:32\" data-filename=\"IMG_1595-800x600.jpg\" data-slide-type=\"image\"><img loading=\"lazy\" decoding=\"async\" src=\"https:\/\/nfg24.de\/w_press\/wp-content\/uploads\/2024\/01\/IMG_1595-800x600.jpg\" height=\"600\" width=\"800\" alt=\"\" class=\"slider-6246 slide-6253 msDefaultImage\" title=\"IMG_1595\" \/><\/li>\n                <li style=\"display: none; width: 100%;\" class=\"slide-6254 ms-image \" aria-roledescription=\"slide\" data-date=\"2024-01-29 11:04:32\" data-filename=\"IMG_1591.jpg\" data-slide-type=\"image\"><img loading=\"lazy\" decoding=\"async\" src=\"https:\/\/nfg24.de\/w_press\/wp-content\/uploads\/2024\/01\/IMG_1591.jpg\" height=\"600\" width=\"800\" alt=\"\" class=\"slider-6246 slide-6254 msDefaultImage\" title=\"IMG_1591\" \/><\/li>\n            <\/ul>\n        <\/div>\n        \n    <\/div>\n<\/div><\/div>\n","protected":false},"excerpt":{"rendered":"<p>\u201eEuropa (un)limited\u201c &#8211; so lautet das Motto des diesj\u00e4hrigen europ\u00e4ischen Wettbewerbs. An unserem Projekttag am 23.2.24 nahmen fast 40 Sch\u00fcler:innen teil, viele hatten schon zuvor im Kunstunterricht kreative Ideen zu den jeweiligen Themenstellungen entwickelt und &hellip; <a href=\"https:\/\/nfg24.de\/w_press\/2024\/01\/29\/71-europaeischer-wettbewerb-hat-stattgefunden\/\">Weiterlesen<\/a><\/p>\n","protected":false},"author":1,"featured_media":6244,"comment_status":"closed","ping_status":"closed","sticky":false,"template":"","format":"standard","meta":{"footnotes":""},"categories":[1],"tags":[],"class_list":["post-6243","post","type-post","status-publish","format-standard","has-post-thumbnail","hentry","category-news"],"_links":{"self":[{"href":"https:\/\/nfg24.de\/w_press\/wp-json\/wp\/v2\/posts\/6243","targetHints":{"allow":["GET"]}}],"collection":[{"href":"https:\/\/nfg24.de\/w_press\/wp-json\/wp\/v2\/posts"}],"about":[{"href":"https:\/\/nfg24.de\/w_press\/wp-json\/wp\/v2\/types\/post"}],"author":[{"embeddable":true,"href":"https:\/\/nfg24.de\/w_press\/wp-json\/wp\/v2\/users\/1"}],"replies":[{"embeddable":true,"href":"https:\/\/nfg24.de\/w_press\/wp-json\/wp\/v2\/comments?post=6243"}],"version-history":[{"count":2,"href":"https:\/\/nfg24.de\/w_press\/wp-json\/wp\/v2\/posts\/6243\/revisions"}],"predecessor-version":[{"id":6255,"href":"https:\/\/nfg24.de\/w_press\/wp-json\/wp\/v2\/posts\/6243\/revisions\/6255"}],"wp:featuredmedia":[{"embeddable":true,"href":"https:\/\/nfg24.de\/w_press\/wp-json\/wp\/v2\/media\/6244"}],"wp:attachment":[{"href":"https:\/\/nfg24.de\/w_press\/wp-json\/wp\/v2\/media?parent=6243"}],"wp:term":[{"taxonomy":"category","embeddable":true,"href":"https:\/\/nfg24.de\/w_press\/wp-json\/wp\/v2\/categories?post=6243"},{"taxonomy":"post_tag","embeddable":true,"href":"https:\/\/nfg24.de\/w_press\/wp-json\/wp\/v2\/tags?post=6243"}],"curies":[{"name":"wp","href":"https:\/\/api.w.org\/{rel}","templated":true}]}}