{"id":6237,"date":"2024-01-15T21:00:43","date_gmt":"2024-01-15T20:00:43","guid":{"rendered":"https:\/\/nfg24.de\/w_press\/?p=6237"},"modified":"2024-01-15T21:00:52","modified_gmt":"2024-01-15T20:00:52","slug":"die-neue-friedlaender-gesamtschule-laedt-ein","status":"publish","type":"post","link":"https:\/\/nfg24.de\/w_press\/2024\/01\/15\/die-neue-friedlaender-gesamtschule-laedt-ein\/","title":{"rendered":"Die neue friedl\u00e4nder gesamtschule l\u00e4dt ein"},"content":{"rendered":"\n<p>Am 18. Januar 2024 \u00f6ffnen wir unser Haus in der Zeit von 18.00 Uhr bis 20.00 Uhr f\u00fcr einen Informationsabend f\u00fcr alle Interessierten und ganz besonders f\u00fcr die Eltern von Viert- und Sechstkl\u00e4sslern.\u00a0In den Fachr\u00e4umen und im Atrium informieren Fachlehrerinnen und Fachlehrer \u00fcber Inhalte der einzelnen Unterrichtsf\u00e4cher und geben Einblicke in die praktische Arbeit. Weiterhin stehen Lehrerinnen und Lehrer der Orientierungsstufe, die Schulleitung und weitere Mitarbeiterinnen und Mitarbeiter der Schule f\u00fcr die Beantwortung von Fragen zur Verf\u00fcgung.<\/p>\n\n\n\n<p><strong>Ausgew\u00e4hlte Programmpunkte:<\/strong><br>18.00 Uhr &#8211; Begr\u00fc\u00dfung durch den Schulleiter Herr B\u00f6hnke<br>19.00 Uhr &#8211; Informationsveranstaltung zur Schule (Organisation, Bildungsg\u00e4nge\/-abschl\u00fcsse, Ganztagsschule)<br>18.00 bis 20.00 Uhr &#8211; verschiedene F\u00fchrungen im Schulhaus mit Sch\u00fclerinnen und Sch\u00fcler der nfg<\/p>\n\n\n\n<p>F\u00fcr einen Imbiss wird w\u00e4hrend des ganzen Abend durch die elfte Klasse gesorgt. <\/p>\n\n\n\n<p>Wir freuen uns auf Ihr Kommen. <br>H. B\u00f6hnke, Schulleiter<\/p>\n","protected":false},"excerpt":{"rendered":"<p>Am 18. Januar 2024 \u00f6ffnen wir unser Haus in der Zeit von 18.00 Uhr bis 20.00 Uhr f\u00fcr einen Informationsabend f\u00fcr alle Interessierten und ganz besonders f\u00fcr die Eltern von Viert- und Sechstkl\u00e4sslern.\u00a0In den Fachr\u00e4umen &hellip; <a href=\"https:\/\/nfg24.de\/w_press\/2024\/01\/15\/die-neue-friedlaender-gesamtschule-laedt-ein\/\">Weiterlesen<\/a><\/p>\n","protected":false},"author":1,"featured_media":1336,"comment_status":"closed","ping_status":"closed","sticky":false,"template":"","format":"standard","meta":{"footnotes":""},"categories":[1],"tags":[],"class_list":["post-6237","post","type-post","status-publish","format-standard","has-post-thumbnail","hentry","category-news"],"_links":{"self":[{"href":"https:\/\/nfg24.de\/w_press\/wp-json\/wp\/v2\/posts\/6237","targetHints":{"allow":["GET"]}}],"collection":[{"href":"https:\/\/nfg24.de\/w_press\/wp-json\/wp\/v2\/posts"}],"about":[{"href":"https:\/\/nfg24.de\/w_press\/wp-json\/wp\/v2\/types\/post"}],"author":[{"embeddable":true,"href":"https:\/\/nfg24.de\/w_press\/wp-json\/wp\/v2\/users\/1"}],"replies":[{"embeddable":true,"href":"https:\/\/nfg24.de\/w_press\/wp-json\/wp\/v2\/comments?post=6237"}],"version-history":[{"count":1,"href":"https:\/\/nfg24.de\/w_press\/wp-json\/wp\/v2\/posts\/6237\/revisions"}],"predecessor-version":[{"id":6238,"href":"https:\/\/nfg24.de\/w_press\/wp-json\/wp\/v2\/posts\/6237\/revisions\/6238"}],"wp:featuredmedia":[{"embeddable":true,"href":"https:\/\/nfg24.de\/w_press\/wp-json\/wp\/v2\/media\/1336"}],"wp:attachment":[{"href":"https:\/\/nfg24.de\/w_press\/wp-json\/wp\/v2\/media?parent=6237"}],"wp:term":[{"taxonomy":"category","embeddable":true,"href":"https:\/\/nfg24.de\/w_press\/wp-json\/wp\/v2\/categories?post=6237"},{"taxonomy":"post_tag","embeddable":true,"href":"https:\/\/nfg24.de\/w_press\/wp-json\/wp\/v2\/tags?post=6237"}],"curies":[{"name":"wp","href":"https:\/\/api.w.org\/{rel}","templated":true}]}}