{"id":6032,"date":"2023-09-21T15:00:00","date_gmt":"2023-09-21T13:00:00","guid":{"rendered":"https:\/\/nfg24.de\/w_press\/?p=6032"},"modified":"2023-09-19T22:39:19","modified_gmt":"2023-09-19T20:39:19","slug":"schulgarten-2-0-standortaenderung","status":"publish","type":"post","link":"https:\/\/nfg24.de\/w_press\/2023\/09\/21\/schulgarten-2-0-standortaenderung\/","title":{"rendered":"Schulgarten 2.0 &#8211; Standort\u00e4nderung"},"content":{"rendered":"\n<p>Die neue friedl\u00e4nder gesamtschule (nfg) verabschiedet sich mit dem Schulgarten aus der Kleingartenanlage und dankt f\u00fcr die gute Gartennachbarschaft. Ein neues Projekt direkt auf dem Schulhof ist in Planung.<\/p>\n\n\n\n<p>Der Schulgarten direkt vorm Klassenzimmer soll eine noch bessere Nutzung und effektive Einbindung in den Unterricht mit sich bringen \u2013 daf\u00fcr w\u00fcnschen wir beste Erfolge.<\/p>\n\n\n\n<p>Ein gro\u00dfes DANKESCH\u00d6N ging bei der \u00dcbergabe des Kleingartens am 30.06.2023 an Frau Palleit, die uns in den letzten zwei Schuljahren 2021\/2022 und 2022\/2023 die Nutzung m\u00f6glich machte. In Zusammenarbeit mit dem Schulverein war es den Sch\u00fclerinnen und Sch\u00fclern somit m\u00f6glich einen Teil des Biologieunterrichts mit allen Sinnen in der Natur zu verbringen.<\/p>\n\n\n\n<p>Sollten Sie liebe Leserinnen und Leser Interesse an dem bisher von der nfg genutzten Gartengrundst\u00fcck haben, melden Sie sich im Sekretariat der Schule. Der Kontakt zu Frau Palleit wird dann hergestellt.<\/p>\n\n\n\n<p>Manuela K\u00f6hler, Schulverein der nfg<\/p>\n\n\n\n<figure class=\"wp-block-image size-full\"><img loading=\"lazy\" decoding=\"async\" width=\"800\" height=\"600\" src=\"https:\/\/nfg24.de\/w_press\/wp-content\/uploads\/2023\/09\/Bild-Schulgarten.jpg\" alt=\"\" class=\"wp-image-6033\" srcset=\"https:\/\/nfg24.de\/w_press\/wp-content\/uploads\/2023\/09\/Bild-Schulgarten.jpg 800w, https:\/\/nfg24.de\/w_press\/wp-content\/uploads\/2023\/09\/Bild-Schulgarten-400x300.jpg 400w, https:\/\/nfg24.de\/w_press\/wp-content\/uploads\/2023\/09\/Bild-Schulgarten-768x576.jpg 768w\" sizes=\"auto, (max-width: 800px) 100vw, 800px\" \/><\/figure>\n","protected":false},"excerpt":{"rendered":"<p>Die neue friedl\u00e4nder gesamtschule (nfg) verabschiedet sich mit dem Schulgarten aus der Kleingartenanlage und dankt f\u00fcr die gute Gartennachbarschaft. Ein neues Projekt direkt auf dem Schulhof ist in Planung. Der Schulgarten direkt vorm Klassenzimmer soll &hellip; <a href=\"https:\/\/nfg24.de\/w_press\/2023\/09\/21\/schulgarten-2-0-standortaenderung\/\">Weiterlesen<\/a><\/p>\n","protected":false},"author":1,"featured_media":6033,"comment_status":"closed","ping_status":"closed","sticky":false,"template":"","format":"standard","meta":{"footnotes":""},"categories":[1],"tags":[],"class_list":["post-6032","post","type-post","status-publish","format-standard","has-post-thumbnail","hentry","category-news"],"_links":{"self":[{"href":"https:\/\/nfg24.de\/w_press\/wp-json\/wp\/v2\/posts\/6032","targetHints":{"allow":["GET"]}}],"collection":[{"href":"https:\/\/nfg24.de\/w_press\/wp-json\/wp\/v2\/posts"}],"about":[{"href":"https:\/\/nfg24.de\/w_press\/wp-json\/wp\/v2\/types\/post"}],"author":[{"embeddable":true,"href":"https:\/\/nfg24.de\/w_press\/wp-json\/wp\/v2\/users\/1"}],"replies":[{"embeddable":true,"href":"https:\/\/nfg24.de\/w_press\/wp-json\/wp\/v2\/comments?post=6032"}],"version-history":[{"count":1,"href":"https:\/\/nfg24.de\/w_press\/wp-json\/wp\/v2\/posts\/6032\/revisions"}],"predecessor-version":[{"id":6034,"href":"https:\/\/nfg24.de\/w_press\/wp-json\/wp\/v2\/posts\/6032\/revisions\/6034"}],"wp:featuredmedia":[{"embeddable":true,"href":"https:\/\/nfg24.de\/w_press\/wp-json\/wp\/v2\/media\/6033"}],"wp:attachment":[{"href":"https:\/\/nfg24.de\/w_press\/wp-json\/wp\/v2\/media?parent=6032"}],"wp:term":[{"taxonomy":"category","embeddable":true,"href":"https:\/\/nfg24.de\/w_press\/wp-json\/wp\/v2\/categories?post=6032"},{"taxonomy":"post_tag","embeddable":true,"href":"https:\/\/nfg24.de\/w_press\/wp-json\/wp\/v2\/tags?post=6032"}],"curies":[{"name":"wp","href":"https:\/\/api.w.org\/{rel}","templated":true}]}}