{"id":5987,"date":"2023-06-27T09:50:57","date_gmt":"2023-06-27T07:50:57","guid":{"rendered":"https:\/\/nfg24.de\/w_press\/?p=5987"},"modified":"2023-06-27T09:50:57","modified_gmt":"2023-06-27T07:50:57","slug":"die-bunte-welt-der-regenwaldtiere-projekt-kuenstler-fuer-schueler-an-der-nfg","status":"publish","type":"post","link":"https:\/\/nfg24.de\/w_press\/2023\/06\/27\/die-bunte-welt-der-regenwaldtiere-projekt-kuenstler-fuer-schueler-an-der-nfg\/","title":{"rendered":"Die bunte Welt der Regenwaldtiere &#8211; Projekt \u201ek\u00fcnstler f\u00fcr sch\u00fcler\u201c an der nfg"},"content":{"rendered":"\n<p>Im zweiten Schulhalbjahr startet erneut das landesweite Projekt \u201e<em>k\u00fcnstler f\u00fcr sch\u00fcler\u201c\u00a0<\/em>des Kulturwerkes des K\u00fcnstlerbundes Mecklenburg und Vorpommern e.V. Das etablierte Projekt wird gef\u00f6rdert vom Ministerium f\u00fcr Bildung, Wissenschaft und Kultur des Landes Mecklenburg-Vorpommern. An den Schulen des Landes werden 42 kreative Workshops von Bildenden K\u00fcnstler:innen durchgef\u00fchrt. <\/p>\n\n\n\n<p>An der neuen friedl\u00e4nder gesamtschule findet Ende Juni ein Malworkshop unter der Leitung von Frau L\u00f6ffler statt. An diesem Workshop nehmen Sch\u00fcler:innen der Klassenstufen 5 und 6 teil.\u00a0Inhaltlich geht es darum, sich mit der bunten und formreichen Welt der Tiere im tropischen Regenwald k\u00fcnstlerisch zu besch\u00e4ftigen. Nach dem Anlegen eines eigenen Skizzenbuches \u00fcbertragen die Sch\u00fcler:innen ihre Ideen auf Papier. Es sollen lustige, farbenfrohe Bilder \u00fcber die faszinierende Welt der Tiere im Regenwald entstehen, die uns einen Einblick in die Phantasiewelt der Kinder geben. Am Ende des Projektes wird eine Ausstellung in der Schule gestaltet, in der die entstandenen Kunstwerke bewundert werden k\u00f6nnen.<\/p>\n\n\n\n<p>M. L\u00f6ffler<\/p>\n","protected":false},"excerpt":{"rendered":"<p>Im zweiten Schulhalbjahr startet erneut das landesweite Projekt \u201ek\u00fcnstler f\u00fcr sch\u00fcler\u201c\u00a0des Kulturwerkes des K\u00fcnstlerbundes Mecklenburg und Vorpommern e.V. Das etablierte Projekt wird gef\u00f6rdert vom Ministerium f\u00fcr Bildung, Wissenschaft und Kultur des Landes Mecklenburg-Vorpommern. An den &hellip; <a href=\"https:\/\/nfg24.de\/w_press\/2023\/06\/27\/die-bunte-welt-der-regenwaldtiere-projekt-kuenstler-fuer-schueler-an-der-nfg\/\">Weiterlesen<\/a><\/p>\n","protected":false},"author":1,"featured_media":0,"comment_status":"closed","ping_status":"closed","sticky":false,"template":"","format":"standard","meta":{"footnotes":""},"categories":[1],"tags":[],"class_list":["post-5987","post","type-post","status-publish","format-standard","hentry","category-news"],"_links":{"self":[{"href":"https:\/\/nfg24.de\/w_press\/wp-json\/wp\/v2\/posts\/5987","targetHints":{"allow":["GET"]}}],"collection":[{"href":"https:\/\/nfg24.de\/w_press\/wp-json\/wp\/v2\/posts"}],"about":[{"href":"https:\/\/nfg24.de\/w_press\/wp-json\/wp\/v2\/types\/post"}],"author":[{"embeddable":true,"href":"https:\/\/nfg24.de\/w_press\/wp-json\/wp\/v2\/users\/1"}],"replies":[{"embeddable":true,"href":"https:\/\/nfg24.de\/w_press\/wp-json\/wp\/v2\/comments?post=5987"}],"version-history":[{"count":1,"href":"https:\/\/nfg24.de\/w_press\/wp-json\/wp\/v2\/posts\/5987\/revisions"}],"predecessor-version":[{"id":5989,"href":"https:\/\/nfg24.de\/w_press\/wp-json\/wp\/v2\/posts\/5987\/revisions\/5989"}],"wp:attachment":[{"href":"https:\/\/nfg24.de\/w_press\/wp-json\/wp\/v2\/media?parent=5987"}],"wp:term":[{"taxonomy":"category","embeddable":true,"href":"https:\/\/nfg24.de\/w_press\/wp-json\/wp\/v2\/categories?post=5987"},{"taxonomy":"post_tag","embeddable":true,"href":"https:\/\/nfg24.de\/w_press\/wp-json\/wp\/v2\/tags?post=5987"}],"curies":[{"name":"wp","href":"https:\/\/api.w.org\/{rel}","templated":true}]}}