{"id":5849,"date":"2023-05-17T10:42:29","date_gmt":"2023-05-17T08:42:29","guid":{"rendered":"https:\/\/nfg24.de\/w_press\/?p=5849"},"modified":"2023-05-17T10:42:29","modified_gmt":"2023-05-17T08:42:29","slug":"buergermeisterpreis-verliehen","status":"publish","type":"post","link":"https:\/\/nfg24.de\/w_press\/2023\/05\/17\/buergermeisterpreis-verliehen\/","title":{"rendered":"B\u00fcrgermeisterpreis verliehen\u00a0"},"content":{"rendered":"\n<p>Am Mittwoch, dem 10. Mai 2023 erhielten Josefine Mayer und Mathilda Leifels f\u00fcr ihre erfolgreiche Teilnahme am Europ\u00e4ischen Wettbewerb Rahmen der Stadtvertreter:innensitzung den B\u00fcrgermeisterpreis der Stadt Friedland. Nachdem beide Sch\u00fclerinnen den Stadtvertreter:innen einige erl\u00e4uternde Worte zu ihren Bildern gesagt hatten, nahmen sie stolz ihre Preise vom B\u00fcrgermeister Herrn Nieswandt und dem Stadtpr\u00e4sidenten Herrn Dr\u00f6se entgegen.&nbsp;Wir begl\u00fcckw\u00fcnschen beide recht herzlich zu dieser tollen Auszeichnung. <\/p>\n\n\n\n<p>Die Preisverleihung f\u00fcr alle anderen Preistr\u00e4ger:innen wird am 01. Juni 2023 um 17.00 Uhr in der Pausenhalle stattfindet. <\/p>\n\n\n\n<div class=\"alignnormal\"><div id=\"metaslider-id-5850\" style=\"max-width: 800px; margin: 0 auto;\" class=\"ml-slider-3-108-0 metaslider metaslider-flex metaslider-5850 ml-slider has-dots-nav ms-theme-default\" role=\"region\" aria-label=\"B\u00fcrgermeisterpreis EW 23\" data-height=\"600\" data-width=\"800\">\n    <div id=\"metaslider_container_5850\">\n        <div id=\"metaslider_5850\" class=\"flexslider\">\n            <ul class='slides'>\n                <li style=\"display: block; width: 100%;\" class=\"slide-5854 ms-image \" aria-roledescription=\"slide\" data-date=\"2023-05-17 10:41:48\" data-filename=\"IMG_1391.png\" data-slide-type=\"image\"><img loading=\"lazy\" decoding=\"async\" src=\"https:\/\/nfg24.de\/w_press\/wp-content\/uploads\/2023\/05\/IMG_1391.png\" height=\"600\" width=\"800\" alt=\"\" class=\"slider-5850 slide-5854 msDefaultImage\" title=\"IMG_1391\" \/><\/li>\n                <li style=\"display: none; width: 100%;\" class=\"slide-5855 ms-image \" aria-roledescription=\"slide\" data-date=\"2023-05-17 10:41:48\" data-filename=\"IMG_1389.png\" data-slide-type=\"image\"><img loading=\"lazy\" decoding=\"async\" src=\"https:\/\/nfg24.de\/w_press\/wp-content\/uploads\/2023\/05\/IMG_1389.png\" height=\"600\" width=\"800\" alt=\"\" class=\"slider-5850 slide-5855 msDefaultImage\" title=\"IMG_1389\" \/><\/li>\n                <li style=\"display: none; width: 100%;\" class=\"slide-5856 ms-image \" aria-roledescription=\"slide\" data-date=\"2023-05-17 10:41:48\" data-filename=\"IMG_1390.png\" data-slide-type=\"image\"><img loading=\"lazy\" decoding=\"async\" src=\"https:\/\/nfg24.de\/w_press\/wp-content\/uploads\/2023\/05\/IMG_1390.png\" height=\"600\" width=\"800\" alt=\"\" class=\"slider-5850 slide-5856 msDefaultImage\" title=\"IMG_1390\" \/><\/li>\n            <\/ul>\n        <\/div>\n        \n    <\/div>\n<\/div><\/div>\n","protected":false},"excerpt":{"rendered":"<p>Am Mittwoch, dem 10. Mai 2023 erhielten Josefine Mayer und Mathilda Leifels f\u00fcr ihre erfolgreiche Teilnahme am Europ\u00e4ischen Wettbewerb Rahmen der Stadtvertreter:innensitzung den B\u00fcrgermeisterpreis der Stadt Friedland. Nachdem beide Sch\u00fclerinnen den Stadtvertreter:innen einige erl\u00e4uternde Worte &hellip; <a href=\"https:\/\/nfg24.de\/w_press\/2023\/05\/17\/buergermeisterpreis-verliehen\/\">Weiterlesen<\/a><\/p>\n","protected":false},"author":1,"featured_media":5852,"comment_status":"closed","ping_status":"closed","sticky":false,"template":"","format":"standard","meta":{"footnotes":""},"categories":[1],"tags":[],"class_list":["post-5849","post","type-post","status-publish","format-standard","has-post-thumbnail","hentry","category-news"],"_links":{"self":[{"href":"https:\/\/nfg24.de\/w_press\/wp-json\/wp\/v2\/posts\/5849","targetHints":{"allow":["GET"]}}],"collection":[{"href":"https:\/\/nfg24.de\/w_press\/wp-json\/wp\/v2\/posts"}],"about":[{"href":"https:\/\/nfg24.de\/w_press\/wp-json\/wp\/v2\/types\/post"}],"author":[{"embeddable":true,"href":"https:\/\/nfg24.de\/w_press\/wp-json\/wp\/v2\/users\/1"}],"replies":[{"embeddable":true,"href":"https:\/\/nfg24.de\/w_press\/wp-json\/wp\/v2\/comments?post=5849"}],"version-history":[{"count":1,"href":"https:\/\/nfg24.de\/w_press\/wp-json\/wp\/v2\/posts\/5849\/revisions"}],"predecessor-version":[{"id":5857,"href":"https:\/\/nfg24.de\/w_press\/wp-json\/wp\/v2\/posts\/5849\/revisions\/5857"}],"wp:featuredmedia":[{"embeddable":true,"href":"https:\/\/nfg24.de\/w_press\/wp-json\/wp\/v2\/media\/5852"}],"wp:attachment":[{"href":"https:\/\/nfg24.de\/w_press\/wp-json\/wp\/v2\/media?parent=5849"}],"wp:term":[{"taxonomy":"category","embeddable":true,"href":"https:\/\/nfg24.de\/w_press\/wp-json\/wp\/v2\/categories?post=5849"},{"taxonomy":"post_tag","embeddable":true,"href":"https:\/\/nfg24.de\/w_press\/wp-json\/wp\/v2\/tags?post=5849"}],"curies":[{"name":"wp","href":"https:\/\/api.w.org\/{rel}","templated":true}]}}