{"id":5475,"date":"2023-01-09T02:32:59","date_gmt":"2023-01-09T01:32:59","guid":{"rendered":"http:\/\/nfg24.de\/w_press\/?p=5475"},"modified":"2023-04-08T23:57:25","modified_gmt":"2023-04-08T21:57:25","slug":"einladung-zum-informationsabend-am-17-januar-2023","status":"publish","type":"post","link":"https:\/\/nfg24.de\/w_press\/2023\/01\/09\/einladung-zum-informationsabend-am-17-januar-2023\/","title":{"rendered":"Einladung zum Informationsabend am 17. Januar 2023"},"content":{"rendered":"<p>Liebe Eltern und Sch\u00fcler:innen,<\/p>\n<p>am 17. Januar 2023 \u00f6ffnen wir unser Haus in der Zeit von 17.30 Uhr bis 20.00 Uhr f\u00fcr einen Informationsabend f\u00fcr alle Interessierten und ganz besonders f\u00fcr die Eltern von Viert- und Sechstkl\u00e4sslern.<!--more--><\/p>\n<p>Um 18.00 Uhr findet im Atrium die offizielle Begr\u00fc\u00dfung durch den Schulleiter Herrn B\u00f6hnke statt. Es besteht an diesem Abend die M\u00f6glichkeit, unter F\u00fchrung von Lehrer:innen und Sch\u00fcler:innen die Schule zu besichtigen. In den Fachr\u00e4umen und im Atrium stellen Ihnen die Sch\u00fcler*innen einige ihrer Arbeiten vor und Sie erhalten einen Einblick in die Inhalte der verschiedenen Unterrichtsf\u00e4cher.<\/p>\n<p>Um 19.00 Uhr sind Sie herzlich zu der Informationsveranstaltung in den Raum 112\/113 eingeladen, in der die Organisation der Gesamtschule, die einzelnen Bildungsg\u00e4nge, die Arbeitsschwerpunkte der Schule und die zus\u00e4tzlichen Angebote der Ganztagsschule vorgestellt werden.<\/p>\n<p>Lehrer:innen der Orientierungsstufe, Vertreter der Fachkonferenzen, die Schulleitung und Sch\u00fcler:innen unserer Schule stehen am Abend f\u00fcr Ihre Fragen zur Verf\u00fcgung.<\/p>\n<p>Wir freuen uns auf Ihr Kommen.<\/p>\n<p>Herzliche Gr\u00fc\u00dfe,<br \/>\nSylvia Gromann, Didaktische Leitung<\/p>\n","protected":false},"excerpt":{"rendered":"<p>Liebe Eltern und Sch\u00fcler:innen, am 17. Januar 2023 \u00f6ffnen wir unser Haus in der Zeit von 17.30 Uhr bis 20.00 Uhr f\u00fcr einen Informationsabend f\u00fcr alle Interessierten und ganz besonders f\u00fcr die Eltern von Viert- &hellip; <a href=\"https:\/\/nfg24.de\/w_press\/2023\/01\/09\/einladung-zum-informationsabend-am-17-januar-2023\/\">Weiterlesen<\/a><\/p>\n","protected":false},"author":1,"featured_media":4748,"comment_status":"closed","ping_status":"closed","sticky":false,"template":"","format":"standard","meta":{"footnotes":""},"categories":[1],"tags":[],"class_list":["post-5475","post","type-post","status-publish","format-standard","has-post-thumbnail","hentry","category-news"],"_links":{"self":[{"href":"https:\/\/nfg24.de\/w_press\/wp-json\/wp\/v2\/posts\/5475","targetHints":{"allow":["GET"]}}],"collection":[{"href":"https:\/\/nfg24.de\/w_press\/wp-json\/wp\/v2\/posts"}],"about":[{"href":"https:\/\/nfg24.de\/w_press\/wp-json\/wp\/v2\/types\/post"}],"author":[{"embeddable":true,"href":"https:\/\/nfg24.de\/w_press\/wp-json\/wp\/v2\/users\/1"}],"replies":[{"embeddable":true,"href":"https:\/\/nfg24.de\/w_press\/wp-json\/wp\/v2\/comments?post=5475"}],"version-history":[{"count":4,"href":"https:\/\/nfg24.de\/w_press\/wp-json\/wp\/v2\/posts\/5475\/revisions"}],"predecessor-version":[{"id":5734,"href":"https:\/\/nfg24.de\/w_press\/wp-json\/wp\/v2\/posts\/5475\/revisions\/5734"}],"wp:featuredmedia":[{"embeddable":true,"href":"https:\/\/nfg24.de\/w_press\/wp-json\/wp\/v2\/media\/4748"}],"wp:attachment":[{"href":"https:\/\/nfg24.de\/w_press\/wp-json\/wp\/v2\/media?parent=5475"}],"wp:term":[{"taxonomy":"category","embeddable":true,"href":"https:\/\/nfg24.de\/w_press\/wp-json\/wp\/v2\/categories?post=5475"},{"taxonomy":"post_tag","embeddable":true,"href":"https:\/\/nfg24.de\/w_press\/wp-json\/wp\/v2\/tags?post=5475"}],"curies":[{"name":"wp","href":"https:\/\/api.w.org\/{rel}","templated":true}]}}