{"id":5463,"date":"2022-12-13T12:58:32","date_gmt":"2022-12-13T11:58:32","guid":{"rendered":"http:\/\/nfg24.de\/w_press\/?p=5463"},"modified":"2023-04-08T23:56:44","modified_gmt":"2023-04-08T21:56:44","slug":"classic-works-xiv-in-diesem-jahr-mit-etwas-verspaetung-aber-er-ist-da","status":"publish","type":"post","link":"https:\/\/nfg24.de\/w_press\/2022\/12\/13\/classic-works-xiv-in-diesem-jahr-mit-etwas-verspaetung-aber-er-ist-da\/","title":{"rendered":"Classic works XIV &#8211; In diesem Jahr mit etwas Versp\u00e4tung, aber er ist da!"},"content":{"rendered":"<p>Auch in diesem Jahr haben sich die Kunstkurse der 11. Klassen mit verschiedensten Werken der Kunstgeschichte befasst und diese in ihren inszenierten Fotografien neu umgesetzt.<!--more--><\/p>\n<p>Mit etwas Verz\u00f6gerung konnte dennoch ein gelungener Kalender entstehen. Diesen kann man f\u00fcr 8 Euro (Sch\u00fcler:innen 5 Euro) im Sekretariat erwerben. Es ist nur noch eine geringe St\u00fcckzahl vorhanden (ca. 30 Exemplare), also seien Sie schnell. Wir freuen uns \u00fcber Ihr Interesse und jeden Kalender, der eine Wand bei Ihnen schm\u00fcckt.<\/p>\n<p>Herzliche Gr\u00fc\u00dfe<br \/>\nJulia Fredrich, Kunstlehrerin<\/p>\n<p><img loading=\"lazy\" decoding=\"async\" class=\"aligncenter size-large wp-image-5468\" src=\"http:\/\/nfg24.de\/w_press\/wp-content\/uploads\/2022\/12\/1AD6B3BD-7421-4DFE-BAE3-B1CB3E98C45E-600x600.jpeg\" alt=\"\" width=\"600\" height=\"600\" srcset=\"https:\/\/nfg24.de\/w_press\/wp-content\/uploads\/2022\/12\/1AD6B3BD-7421-4DFE-BAE3-B1CB3E98C45E-600x600.jpeg 600w, https:\/\/nfg24.de\/w_press\/wp-content\/uploads\/2022\/12\/1AD6B3BD-7421-4DFE-BAE3-B1CB3E98C45E-100x100.jpeg 100w, https:\/\/nfg24.de\/w_press\/wp-content\/uploads\/2022\/12\/1AD6B3BD-7421-4DFE-BAE3-B1CB3E98C45E-300x300.jpeg 300w, https:\/\/nfg24.de\/w_press\/wp-content\/uploads\/2022\/12\/1AD6B3BD-7421-4DFE-BAE3-B1CB3E98C45E-768x768.jpeg 768w\" sizes=\"auto, (max-width: 600px) 100vw, 600px\" \/><\/p>\n","protected":false},"excerpt":{"rendered":"<p>Auch in diesem Jahr haben sich die Kunstkurse der 11. Klassen mit verschiedensten Werken der Kunstgeschichte befasst und diese in ihren inszenierten Fotografien neu umgesetzt.<\/p>\n","protected":false},"author":1,"featured_media":5468,"comment_status":"closed","ping_status":"closed","sticky":false,"template":"","format":"standard","meta":{"footnotes":""},"categories":[1],"tags":[],"class_list":["post-5463","post","type-post","status-publish","format-standard","has-post-thumbnail","hentry","category-news"],"_links":{"self":[{"href":"https:\/\/nfg24.de\/w_press\/wp-json\/wp\/v2\/posts\/5463","targetHints":{"allow":["GET"]}}],"collection":[{"href":"https:\/\/nfg24.de\/w_press\/wp-json\/wp\/v2\/posts"}],"about":[{"href":"https:\/\/nfg24.de\/w_press\/wp-json\/wp\/v2\/types\/post"}],"author":[{"embeddable":true,"href":"https:\/\/nfg24.de\/w_press\/wp-json\/wp\/v2\/users\/1"}],"replies":[{"embeddable":true,"href":"https:\/\/nfg24.de\/w_press\/wp-json\/wp\/v2\/comments?post=5463"}],"version-history":[{"count":3,"href":"https:\/\/nfg24.de\/w_press\/wp-json\/wp\/v2\/posts\/5463\/revisions"}],"predecessor-version":[{"id":5733,"href":"https:\/\/nfg24.de\/w_press\/wp-json\/wp\/v2\/posts\/5463\/revisions\/5733"}],"wp:featuredmedia":[{"embeddable":true,"href":"https:\/\/nfg24.de\/w_press\/wp-json\/wp\/v2\/media\/5468"}],"wp:attachment":[{"href":"https:\/\/nfg24.de\/w_press\/wp-json\/wp\/v2\/media?parent=5463"}],"wp:term":[{"taxonomy":"category","embeddable":true,"href":"https:\/\/nfg24.de\/w_press\/wp-json\/wp\/v2\/categories?post=5463"},{"taxonomy":"post_tag","embeddable":true,"href":"https:\/\/nfg24.de\/w_press\/wp-json\/wp\/v2\/tags?post=5463"}],"curies":[{"name":"wp","href":"https:\/\/api.w.org\/{rel}","templated":true}]}}