{"id":5455,"date":"2022-12-03T20:00:23","date_gmt":"2022-12-03T19:00:23","guid":{"rendered":"http:\/\/nfg24.de\/w_press\/?p=5455"},"modified":"2023-04-08T23:56:18","modified_gmt":"2023-04-08T21:56:18","slug":"weihnachtskonzert-am-donnerstag-8-dezember","status":"publish","type":"post","link":"https:\/\/nfg24.de\/w_press\/2022\/12\/03\/weihnachtskonzert-am-donnerstag-8-dezember\/","title":{"rendered":"Weihnachtskonzert am Donnerstag, 8. Dezember"},"content":{"rendered":"<p>Der Schulchor der nfg l\u00e4dt recht herzlich zum allj\u00e4hrlichen Weihnachtskonzert am Donnerstag, den 8. Dezember 2022, um 19 Uhr in das Atrium der nfg ein. Lauschen Sie besinnlichen Kl\u00e4ngen und schwungvollen Weihnachtsliedern unserer S\u00e4ngerinnen und S\u00e4nger.<!--more--><\/p>\n<p>Auch f\u00fcr das leibliche Wohl wird gesorgt; der Abiturjahrgang 22\/23 verkauft traditionellen Weihnachtsapfelpunsch, frischgebackene Waffeln und Kuchen.<\/p>\n<p>Freuen Sie sich auf einen musikalischen Abend und lassen Sie sich von uns in Weihnachtsstimmung versetzen.<\/p>\n<p><img loading=\"lazy\" decoding=\"async\" class=\"aligncenter size-large wp-image-5446\" src=\"http:\/\/nfg24.de\/w_press\/wp-content\/uploads\/2022\/12\/F8CC0F06-5E31-4D9E-9D8D-ED3B1F57-420x600.jpg\" alt=\"\" width=\"420\" height=\"600\" srcset=\"https:\/\/nfg24.de\/w_press\/wp-content\/uploads\/2022\/12\/F8CC0F06-5E31-4D9E-9D8D-ED3B1F57-420x600.jpg 420w, https:\/\/nfg24.de\/w_press\/wp-content\/uploads\/2022\/12\/F8CC0F06-5E31-4D9E-9D8D-ED3B1F57-210x300.jpg 210w, https:\/\/nfg24.de\/w_press\/wp-content\/uploads\/2022\/12\/F8CC0F06-5E31-4D9E-9D8D-ED3B1F57-768x1096.jpg 768w\" sizes=\"auto, (max-width: 420px) 100vw, 420px\" \/><\/p>\n","protected":false},"excerpt":{"rendered":"<p>Der Schulchor der nfg l\u00e4dt recht herzlich zum allj\u00e4hrlichen Weihnachtskonzert am Donnerstag, den 8. Dezember 2022, um 19 Uhr in das Atrium der nfg ein. Lauschen Sie besinnlichen Kl\u00e4ngen und schwungvollen Weihnachtsliedern unserer S\u00e4ngerinnen und &hellip; <a href=\"https:\/\/nfg24.de\/w_press\/2022\/12\/03\/weihnachtskonzert-am-donnerstag-8-dezember\/\">Weiterlesen<\/a><\/p>\n","protected":false},"author":1,"featured_media":3020,"comment_status":"closed","ping_status":"closed","sticky":false,"template":"","format":"standard","meta":{"footnotes":""},"categories":[1],"tags":[],"class_list":["post-5455","post","type-post","status-publish","format-standard","has-post-thumbnail","hentry","category-news"],"_links":{"self":[{"href":"https:\/\/nfg24.de\/w_press\/wp-json\/wp\/v2\/posts\/5455","targetHints":{"allow":["GET"]}}],"collection":[{"href":"https:\/\/nfg24.de\/w_press\/wp-json\/wp\/v2\/posts"}],"about":[{"href":"https:\/\/nfg24.de\/w_press\/wp-json\/wp\/v2\/types\/post"}],"author":[{"embeddable":true,"href":"https:\/\/nfg24.de\/w_press\/wp-json\/wp\/v2\/users\/1"}],"replies":[{"embeddable":true,"href":"https:\/\/nfg24.de\/w_press\/wp-json\/wp\/v2\/comments?post=5455"}],"version-history":[{"count":3,"href":"https:\/\/nfg24.de\/w_press\/wp-json\/wp\/v2\/posts\/5455\/revisions"}],"predecessor-version":[{"id":5732,"href":"https:\/\/nfg24.de\/w_press\/wp-json\/wp\/v2\/posts\/5455\/revisions\/5732"}],"wp:featuredmedia":[{"embeddable":true,"href":"https:\/\/nfg24.de\/w_press\/wp-json\/wp\/v2\/media\/3020"}],"wp:attachment":[{"href":"https:\/\/nfg24.de\/w_press\/wp-json\/wp\/v2\/media?parent=5455"}],"wp:term":[{"taxonomy":"category","embeddable":true,"href":"https:\/\/nfg24.de\/w_press\/wp-json\/wp\/v2\/categories?post=5455"},{"taxonomy":"post_tag","embeddable":true,"href":"https:\/\/nfg24.de\/w_press\/wp-json\/wp\/v2\/tags?post=5455"}],"curies":[{"name":"wp","href":"https:\/\/api.w.org\/{rel}","templated":true}]}}