{"id":5264,"date":"2022-09-06T12:38:04","date_gmt":"2022-09-06T10:38:04","guid":{"rendered":"http:\/\/nfg24.de\/w_press\/?p=5264"},"modified":"2023-04-08T23:50:48","modified_gmt":"2023-04-08T21:50:48","slug":"neuer-schuelerinnenrat-gewaehlt","status":"publish","type":"post","link":"https:\/\/nfg24.de\/w_press\/2022\/09\/06\/neuer-schuelerinnenrat-gewaehlt\/","title":{"rendered":"Neuer Sch\u00fcler:innenrat gew\u00e4hlt"},"content":{"rendered":"<p>Am 30.08.2022 fand die Wahl des Sch\u00fcler:innenrates und somit auch die der Sch\u00fcler:innenvertretung f\u00fcr die Schulkonferenz statt.<\/p>\n<p>Dabei wurden folgende Jungen und M\u00e4dchen von allen<!--more--> Klassensprecher:innen gew\u00e4hlt:\u00a0Frank Dade\u00a0(9RC), Mathilda Leifels<span class=\"fontstyle0\">\u00a0(9GA), Jamie Maischak\u00a0(10RB),<\/span>\u00a0Annabell Rehbein<span class=\"fontstyle0\">\u00a0(11A) sowie\u00a0Amelie Becker (11B)<\/span><span class=\"fontstyle0\">. Als Sch\u00fclersprecherin wurde\u00a0Anabella Roob\u00a0(11B) gew\u00e4hlt.\u00a0<\/span><\/p>\n<p>Diese sechs werden die Sch\u00fclerschaft in diesem Schuljahr 2022\/23 vertreten.\u00a0Wir w\u00fcnschen ihnen viel Erfolg bei ihren anstehenden Aufgaben.<\/p>\n<p><img loading=\"lazy\" decoding=\"async\" class=\"aligncenter size-full wp-image-5262\" src=\"http:\/\/nfg24.de\/w_press\/wp-content\/uploads\/2019\/09\/DFD0D223-5C46-4BAF-82C3-E0EE938D.jpg\" alt=\"\" width=\"800\" height=\"600\" srcset=\"https:\/\/nfg24.de\/w_press\/wp-content\/uploads\/2019\/09\/DFD0D223-5C46-4BAF-82C3-E0EE938D.jpg 800w, https:\/\/nfg24.de\/w_press\/wp-content\/uploads\/2019\/09\/DFD0D223-5C46-4BAF-82C3-E0EE938D-400x300.jpg 400w, https:\/\/nfg24.de\/w_press\/wp-content\/uploads\/2019\/09\/DFD0D223-5C46-4BAF-82C3-E0EE938D-768x576.jpg 768w\" sizes=\"auto, (max-width: 800px) 100vw, 800px\" \/><\/p>\n","protected":false},"excerpt":{"rendered":"<p>Am 30.08.2022 fand die Wahl des Sch\u00fcler:innenrates und somit auch die der Sch\u00fcler:innenvertretung f\u00fcr die Schulkonferenz statt. Dabei wurden folgende Jungen und M\u00e4dchen von allen<\/p>\n","protected":false},"author":1,"featured_media":5262,"comment_status":"closed","ping_status":"closed","sticky":false,"template":"","format":"standard","meta":{"footnotes":""},"categories":[1],"tags":[],"class_list":["post-5264","post","type-post","status-publish","format-standard","has-post-thumbnail","hentry","category-news"],"_links":{"self":[{"href":"https:\/\/nfg24.de\/w_press\/wp-json\/wp\/v2\/posts\/5264","targetHints":{"allow":["GET"]}}],"collection":[{"href":"https:\/\/nfg24.de\/w_press\/wp-json\/wp\/v2\/posts"}],"about":[{"href":"https:\/\/nfg24.de\/w_press\/wp-json\/wp\/v2\/types\/post"}],"author":[{"embeddable":true,"href":"https:\/\/nfg24.de\/w_press\/wp-json\/wp\/v2\/users\/1"}],"replies":[{"embeddable":true,"href":"https:\/\/nfg24.de\/w_press\/wp-json\/wp\/v2\/comments?post=5264"}],"version-history":[{"count":4,"href":"https:\/\/nfg24.de\/w_press\/wp-json\/wp\/v2\/posts\/5264\/revisions"}],"predecessor-version":[{"id":5721,"href":"https:\/\/nfg24.de\/w_press\/wp-json\/wp\/v2\/posts\/5264\/revisions\/5721"}],"wp:featuredmedia":[{"embeddable":true,"href":"https:\/\/nfg24.de\/w_press\/wp-json\/wp\/v2\/media\/5262"}],"wp:attachment":[{"href":"https:\/\/nfg24.de\/w_press\/wp-json\/wp\/v2\/media?parent=5264"}],"wp:term":[{"taxonomy":"category","embeddable":true,"href":"https:\/\/nfg24.de\/w_press\/wp-json\/wp\/v2\/categories?post=5264"},{"taxonomy":"post_tag","embeddable":true,"href":"https:\/\/nfg24.de\/w_press\/wp-json\/wp\/v2\/tags?post=5264"}],"curies":[{"name":"wp","href":"https:\/\/api.w.org\/{rel}","templated":true}]}}