{"id":5241,"date":"2022-08-17T06:15:06","date_gmt":"2022-08-17T04:15:06","guid":{"rendered":"http:\/\/nfg24.de\/w_press\/?p=5241"},"modified":"2023-04-08T23:46:47","modified_gmt":"2023-04-08T21:46:47","slug":"stadtradeln-fuer-die-umwelt-die-gesundheit-und-die-kommune","status":"publish","type":"post","link":"https:\/\/nfg24.de\/w_press\/2022\/08\/17\/stadtradeln-fuer-die-umwelt-die-gesundheit-und-die-kommune\/","title":{"rendered":"Stadtradeln f\u00fcr die Umwelt, die Gesundheit und die Kommune"},"content":{"rendered":"<p>Sehr geehrte Eltern, liebe Sch\u00fclerinnen und Sch\u00fcler,<\/p>\n<p>vom 21.08. bis 10.09.2022 nimmt Friedland am Wettbewerb \u201e<em>Stadtradeln\u201c\u00a0<\/em>teil &#8211; und auch wir wollen unseren Beitrag leisten.<!--more--><\/p>\n<p>Die Anmeldung zur Teilnahme ist einfach und erfolgt \u00fcber eine\u00a0App, die man auf\u00a0dieser <a href=\"http:\/\/www.stadtradeln.de\" target=\"_blank\" rel=\"noopener noreferrer\">Website<\/a>\u00a0abrufen kann. Teilnehmen k\u00f6nnen alle Personen, die in Friedland wohnen, arbeiten oder zur Schule gehen.<\/p>\n<p>Ziel ist es, m\u00f6glichst viele Kilometer in die Pedale zu treten und damit CO<sub>2<\/sub> \u2013 frei unterwegs zu sein. Das schont die Umwelt und das Portemonnaie, dient der eigenen Gesundheit und z\u00e4hlt nebenbei im Wettbewerb der Kommunen.<\/p>\n<p>Also meldet euch an, schwingt euch auf\u00b4s Rad und setzt ein Zeichen f\u00fcr eine nachhaltige Mobilit\u00e4tswende.<\/p>\n<p>Ich w\u00fcnsche allen immer Kette rechts<br \/>\nHeiko B\u00f6hnke, Schulleiter<\/p>\n<div style=\"width: auto !important; min-width: 375px; max-width: 415px; height: 415px;\"><iframe style=\"width: 100%; height: 100%;\" src=\"https:\/\/www.stadtradeln.de\/fileadmin\/radelkalender\/embed\/radelmeter-team.php?sr_team_id=71736\" frameborder=\"0\" scrolling=\"no\"><\/iframe><\/div>\n","protected":false},"excerpt":{"rendered":"<p>Sehr geehrte Eltern, liebe Sch\u00fclerinnen und Sch\u00fcler, vom 21.08. bis 10.09.2022 nimmt Friedland am Wettbewerb \u201eStadtradeln\u201c\u00a0teil &#8211; und auch wir wollen unseren Beitrag leisten.<\/p>\n","protected":false},"author":1,"featured_media":4451,"comment_status":"closed","ping_status":"closed","sticky":false,"template":"","format":"standard","meta":{"footnotes":""},"categories":[1],"tags":[],"class_list":["post-5241","post","type-post","status-publish","format-standard","has-post-thumbnail","hentry","category-news"],"_links":{"self":[{"href":"https:\/\/nfg24.de\/w_press\/wp-json\/wp\/v2\/posts\/5241","targetHints":{"allow":["GET"]}}],"collection":[{"href":"https:\/\/nfg24.de\/w_press\/wp-json\/wp\/v2\/posts"}],"about":[{"href":"https:\/\/nfg24.de\/w_press\/wp-json\/wp\/v2\/types\/post"}],"author":[{"embeddable":true,"href":"https:\/\/nfg24.de\/w_press\/wp-json\/wp\/v2\/users\/1"}],"replies":[{"embeddable":true,"href":"https:\/\/nfg24.de\/w_press\/wp-json\/wp\/v2\/comments?post=5241"}],"version-history":[{"count":4,"href":"https:\/\/nfg24.de\/w_press\/wp-json\/wp\/v2\/posts\/5241\/revisions"}],"predecessor-version":[{"id":5715,"href":"https:\/\/nfg24.de\/w_press\/wp-json\/wp\/v2\/posts\/5241\/revisions\/5715"}],"wp:featuredmedia":[{"embeddable":true,"href":"https:\/\/nfg24.de\/w_press\/wp-json\/wp\/v2\/media\/4451"}],"wp:attachment":[{"href":"https:\/\/nfg24.de\/w_press\/wp-json\/wp\/v2\/media?parent=5241"}],"wp:term":[{"taxonomy":"category","embeddable":true,"href":"https:\/\/nfg24.de\/w_press\/wp-json\/wp\/v2\/categories?post=5241"},{"taxonomy":"post_tag","embeddable":true,"href":"https:\/\/nfg24.de\/w_press\/wp-json\/wp\/v2\/tags?post=5241"}],"curies":[{"name":"wp","href":"https:\/\/api.w.org\/{rel}","templated":true}]}}