{"id":5223,"date":"2022-07-08T12:00:56","date_gmt":"2022-07-08T10:00:56","guid":{"rendered":"http:\/\/nfg24.de\/w_press\/?p=5223"},"modified":"2023-04-08T23:49:33","modified_gmt":"2023-04-08T21:49:33","slug":"die-sommerferien-haben-begonnen","status":"publish","type":"post","link":"https:\/\/nfg24.de\/w_press\/2022\/07\/08\/die-sommerferien-haben-begonnen\/","title":{"rendered":"Die Sommerferien haben begonnen"},"content":{"rendered":"<p>Sehr geehrte Eltern, liebe Sch\u00fclerinnen und Sch\u00fcler,<br \/>\ndas Schuljahr 2021\/22 ist Geschichte, die Sommerferien haben begonnen. Ich bedanke mich bei Ihnen und euch im Namen aller Mitarbeiterinnen und Mitarbeiter f\u00fcr die Zusammenarbeit in den vergangenen Monaten, die f\u00fcr alle <!--more-->Beteiligten gro\u00dfe Herausforderungen bereithielten.<\/p>\n<p class=\"mb-1 font-weight-bold\">Das Schulhaus ist nun erstmal leer, so dass Gelegenheit ist, R\u00e4ume, Flure und Fenster gr\u00fcndlich zu reinigen und f\u00fcr das neue Schuljahr vorzubereiten, das am 15.August 2022 startet.<\/p>\n<p class=\"mb-1 font-weight-bold\">F\u00fcr \u00fcber 140 Sch\u00fclerinnen und Sch\u00fcler wird das dann der erste Tag an der nfg sein. Aber bis es soweit ist, w\u00fcnsche ich zun\u00e4chst erholsame Ferien f\u00fcr alle Familien und viele Gelegenheiten zu gemeinsamen Erlebnissen, zum Ausspannen und Kraft tanken.<\/p>\n<p class=\"mb-1 font-weight-bold\">Herzliche Gr\u00fc\u00dfe<br \/>\nHeiko B\u00f6hnke, Schulleiter<\/p>\n","protected":false},"excerpt":{"rendered":"<p>Sehr geehrte Eltern, liebe Sch\u00fclerinnen und Sch\u00fcler, das Schuljahr 2021\/22 ist Geschichte, die Sommerferien haben begonnen. Ich bedanke mich bei Ihnen und euch im Namen aller Mitarbeiterinnen und Mitarbeiter f\u00fcr die Zusammenarbeit in den vergangenen &hellip; <a href=\"https:\/\/nfg24.de\/w_press\/2022\/07\/08\/die-sommerferien-haben-begonnen\/\">Weiterlesen<\/a><\/p>\n","protected":false},"author":1,"featured_media":4267,"comment_status":"closed","ping_status":"closed","sticky":false,"template":"","format":"standard","meta":{"footnotes":""},"categories":[1],"tags":[],"class_list":["post-5223","post","type-post","status-publish","format-standard","has-post-thumbnail","hentry","category-news"],"_links":{"self":[{"href":"https:\/\/nfg24.de\/w_press\/wp-json\/wp\/v2\/posts\/5223","targetHints":{"allow":["GET"]}}],"collection":[{"href":"https:\/\/nfg24.de\/w_press\/wp-json\/wp\/v2\/posts"}],"about":[{"href":"https:\/\/nfg24.de\/w_press\/wp-json\/wp\/v2\/types\/post"}],"author":[{"embeddable":true,"href":"https:\/\/nfg24.de\/w_press\/wp-json\/wp\/v2\/users\/1"}],"replies":[{"embeddable":true,"href":"https:\/\/nfg24.de\/w_press\/wp-json\/wp\/v2\/comments?post=5223"}],"version-history":[{"count":3,"href":"https:\/\/nfg24.de\/w_press\/wp-json\/wp\/v2\/posts\/5223\/revisions"}],"predecessor-version":[{"id":5718,"href":"https:\/\/nfg24.de\/w_press\/wp-json\/wp\/v2\/posts\/5223\/revisions\/5718"}],"wp:featuredmedia":[{"embeddable":true,"href":"https:\/\/nfg24.de\/w_press\/wp-json\/wp\/v2\/media\/4267"}],"wp:attachment":[{"href":"https:\/\/nfg24.de\/w_press\/wp-json\/wp\/v2\/media?parent=5223"}],"wp:term":[{"taxonomy":"category","embeddable":true,"href":"https:\/\/nfg24.de\/w_press\/wp-json\/wp\/v2\/categories?post=5223"},{"taxonomy":"post_tag","embeddable":true,"href":"https:\/\/nfg24.de\/w_press\/wp-json\/wp\/v2\/tags?post=5223"}],"curies":[{"name":"wp","href":"https:\/\/api.w.org\/{rel}","templated":true}]}}