{"id":5186,"date":"2022-07-04T09:14:46","date_gmt":"2022-07-04T07:14:46","guid":{"rendered":"http:\/\/nfg24.de\/w_press\/?p=5186"},"modified":"2023-04-08T23:48:47","modified_gmt":"2023-04-08T21:48:47","slug":"schuelerfahrkarte-von-mvvg-und-nvb-im-august-als-9-euro-ticket-gueltig","status":"publish","type":"post","link":"https:\/\/nfg24.de\/w_press\/2022\/07\/04\/schuelerfahrkarte-von-mvvg-und-nvb-im-august-als-9-euro-ticket-gueltig\/","title":{"rendered":"Sch\u00fclerfahrkarte von MVVG und NVB im August als 9-Euro-Ticket g\u00fcltig"},"content":{"rendered":"<p>Sehr geehrte Eltern, liebe Sch\u00fclerinnen und Sch\u00fcler,<br \/>\ndie Sch\u00fclerfahrkarte des Schuljahres 2021\/2022 des Landkreises Mecklenburgische-Seenplatte, ausgestellt von den Verkehrsunternehmen MVVG und NVB, kann im Monat August deutschlandweit im \u00f6ffentlichen Nahverkehr genutzt werden.<!--more--><\/p>\n<p>In diesem Monat ist die sch\u00fclerfahrkarte gleichwertig mit dem in Rahmen des Energie-Entlastungspaketes der Bundesregierung g\u00fcltigen 9-Euro-Ticket. Dieses schlie\u00dft BUsse, Stra\u00dfenbahnen, U-Bahnen und Regionalz\u00fcge ein, nicht jedoch den Fernverkehr (IC, ICE, EC, Flixbus etc.). Weitere Einschr\u00e4nkungen sind m\u00f6glich und sollten bei den Verkehrsbetrieben erfragt werden.<\/p>\n<p>Im Juli m\u00fcssten Sch\u00fcler:innen allerdings das 9-Euro-Ticket erwerben, da es sich um einen Ferienmonat handelt. Dieses ist im Stadt- oder Regionalbusverkehr beim Fahrpersonal sowie in der Mobilit\u00e4tszentrale oder bei den Neubrandenburger Verkehrsbetrieben, z. B. \u00fcber die &#8222;dein NB&#8220;-App, erh\u00e4ltlich.<\/p>\n<p>Herzliche Gr\u00fc\u00dfe<br \/>\nHeiko B\u00f6hnke, Schulleiter<br \/>\nim Auftrag vom Landkreis MSE<\/p>\n","protected":false},"excerpt":{"rendered":"<p>Sehr geehrte Eltern, liebe Sch\u00fclerinnen und Sch\u00fcler, die Sch\u00fclerfahrkarte des Schuljahres 2021\/2022 des Landkreises Mecklenburgische-Seenplatte, ausgestellt von den Verkehrsunternehmen MVVG und NVB, kann im Monat August deutschlandweit im \u00f6ffentlichen Nahverkehr genutzt werden.<\/p>\n","protected":false},"author":1,"featured_media":1348,"comment_status":"closed","ping_status":"closed","sticky":false,"template":"","format":"standard","meta":{"footnotes":""},"categories":[1],"tags":[],"class_list":["post-5186","post","type-post","status-publish","format-standard","has-post-thumbnail","hentry","category-news"],"_links":{"self":[{"href":"https:\/\/nfg24.de\/w_press\/wp-json\/wp\/v2\/posts\/5186","targetHints":{"allow":["GET"]}}],"collection":[{"href":"https:\/\/nfg24.de\/w_press\/wp-json\/wp\/v2\/posts"}],"about":[{"href":"https:\/\/nfg24.de\/w_press\/wp-json\/wp\/v2\/types\/post"}],"author":[{"embeddable":true,"href":"https:\/\/nfg24.de\/w_press\/wp-json\/wp\/v2\/users\/1"}],"replies":[{"embeddable":true,"href":"https:\/\/nfg24.de\/w_press\/wp-json\/wp\/v2\/comments?post=5186"}],"version-history":[{"count":2,"href":"https:\/\/nfg24.de\/w_press\/wp-json\/wp\/v2\/posts\/5186\/revisions"}],"predecessor-version":[{"id":5716,"href":"https:\/\/nfg24.de\/w_press\/wp-json\/wp\/v2\/posts\/5186\/revisions\/5716"}],"wp:featuredmedia":[{"embeddable":true,"href":"https:\/\/nfg24.de\/w_press\/wp-json\/wp\/v2\/media\/1348"}],"wp:attachment":[{"href":"https:\/\/nfg24.de\/w_press\/wp-json\/wp\/v2\/media?parent=5186"}],"wp:term":[{"taxonomy":"category","embeddable":true,"href":"https:\/\/nfg24.de\/w_press\/wp-json\/wp\/v2\/categories?post=5186"},{"taxonomy":"post_tag","embeddable":true,"href":"https:\/\/nfg24.de\/w_press\/wp-json\/wp\/v2\/tags?post=5186"}],"curies":[{"name":"wp","href":"https:\/\/api.w.org\/{rel}","templated":true}]}}