{"id":4932,"date":"2022-04-28T18:21:48","date_gmt":"2022-04-28T16:21:48","guid":{"rendered":"http:\/\/nfg24.de\/w_press\/?p=4932"},"modified":"2022-07-04T09:29:39","modified_gmt":"2022-07-04T07:29:39","slug":"aenderungen-in-bezug-auf-die-testpflicht","status":"publish","type":"post","link":"https:\/\/nfg24.de\/w_press\/2022\/04\/28\/aenderungen-in-bezug-auf-die-testpflicht\/","title":{"rendered":"\u00c4nderungen in Bezug auf die Testpflicht"},"content":{"rendered":"<p>Sehr geehrte Eltern, liebe Sch\u00fclerinnen und Sch\u00fcler,<br \/>\nnachdem die Maskenpflicht bereits aufgehoben ist, \u00e4ndern sich ab 28. April 2022 auch die Bedingungen zur Testpflicht an Schulen. Bitte beachten Sie <!--more--> folgende Hinweise:<\/p>\n<ol>\n<li class=\"mb-1 font-weight-bold\">Coronatests erfolgen nur noch in der H\u00e4uslichkeit und bei auftretenden Erk\u00e4ltungssymptomen. Dabei sollen in den ersten 5 Tagen ab Symptombeginn 2 Tests durchgef\u00fchrt werden. Solange diese Tests negativ sind, darf die Schule besucht werden. Bei einem positiven Testergebnis besteht die Pflicht zur h\u00e4uslichen Isolierung f\u00fcr 10 Tage. Die Zeit kann auf 7 Tage verk\u00fcrzt werden, wenn keine Symptome mehr vorliegen und der durchzuf\u00fchrende Test in einem Testzentrum ein negatives Ergebnis bescheinigt.<\/li>\n<li class=\"mb-1 font-weight-bold\">Eine Testung in der Schule findet nur nach bei pl\u00f6tzlich auftretenden Erk\u00e4ltungssymptomen statt.<\/li>\n<li class=\"mb-1 font-weight-bold\">Alle Sch\u00fclerinnen und Sch\u00fcler erhalten am 29.04.2022 4 Testkits, die sie f\u00fcr den Fall der Notwendigkeit eines Tests im Sinne von Punkt 1 mit nach Hause nehmen. Sind diese Tests aufgebraucht, geben wir auf Nachfrage weitere Tests mit nach Hause.<\/li>\n<li class=\"mb-1 font-weight-bold\">Bei schwereren Erk\u00e4ltungssymtomen (z. B. Fieber ab 38\u00b0C, Atemnot, Geruchs- oder Geschmacksverlust) ist stets eine \u00e4rztliche Abkl\u00e4rung notwendig. Ein Schulbesuch ist erst nach Abklingen der Symptome und negativem Coronatests m\u00f6glich.<\/li>\n<\/ol>\n<p>Herzliche Gr\u00fc\u00dfe<br \/>\nHeiko B\u00f6hnke, Schulleiter<\/p>\n","protected":false},"excerpt":{"rendered":"<p>Sehr geehrte Eltern, liebe Sch\u00fclerinnen und Sch\u00fcler, nachdem die Maskenpflicht bereits aufgehoben ist, \u00e4ndern sich ab 28. April 2022 auch die Bedingungen zur Testpflicht an Schulen. Bitte beachten Sie<\/p>\n","protected":false},"author":1,"featured_media":1351,"comment_status":"closed","ping_status":"closed","sticky":false,"template":"","format":"standard","meta":{"footnotes":""},"categories":[1],"tags":[],"class_list":["post-4932","post","type-post","status-publish","format-standard","has-post-thumbnail","hentry","category-news"],"_links":{"self":[{"href":"https:\/\/nfg24.de\/w_press\/wp-json\/wp\/v2\/posts\/4932","targetHints":{"allow":["GET"]}}],"collection":[{"href":"https:\/\/nfg24.de\/w_press\/wp-json\/wp\/v2\/posts"}],"about":[{"href":"https:\/\/nfg24.de\/w_press\/wp-json\/wp\/v2\/types\/post"}],"author":[{"embeddable":true,"href":"https:\/\/nfg24.de\/w_press\/wp-json\/wp\/v2\/users\/1"}],"replies":[{"embeddable":true,"href":"https:\/\/nfg24.de\/w_press\/wp-json\/wp\/v2\/comments?post=4932"}],"version-history":[{"count":2,"href":"https:\/\/nfg24.de\/w_press\/wp-json\/wp\/v2\/posts\/4932\/revisions"}],"predecessor-version":[{"id":5213,"href":"https:\/\/nfg24.de\/w_press\/wp-json\/wp\/v2\/posts\/4932\/revisions\/5213"}],"wp:featuredmedia":[{"embeddable":true,"href":"https:\/\/nfg24.de\/w_press\/wp-json\/wp\/v2\/media\/1351"}],"wp:attachment":[{"href":"https:\/\/nfg24.de\/w_press\/wp-json\/wp\/v2\/media?parent=4932"}],"wp:term":[{"taxonomy":"category","embeddable":true,"href":"https:\/\/nfg24.de\/w_press\/wp-json\/wp\/v2\/categories?post=4932"},{"taxonomy":"post_tag","embeddable":true,"href":"https:\/\/nfg24.de\/w_press\/wp-json\/wp\/v2\/tags?post=4932"}],"curies":[{"name":"wp","href":"https:\/\/api.w.org\/{rel}","templated":true}]}}