{"id":4878,"date":"2022-03-31T15:00:06","date_gmt":"2022-03-31T13:00:06","guid":{"rendered":"http:\/\/nfg24.de\/w_press\/?p=4878"},"modified":"2022-07-04T09:27:30","modified_gmt":"2022-07-04T07:27:30","slug":"wir-sind-wieder-da","status":"publish","type":"post","link":"https:\/\/nfg24.de\/w_press\/2022\/03\/31\/wir-sind-wieder-da\/","title":{"rendered":"Wir sind wieder da!"},"content":{"rendered":"<p>Nach zwei Jahren ohne unsere traditionelle Abschlusspr\u00e4sentation der Kunstkurse k\u00f6nnen wir nun endlich wieder unsere Arbeiten \u00f6ffentlich pr\u00e4sentieren.<\/p>\n<p>Am <strong>6. und 7. April<\/strong> wird der Leistungskurs Kunst<!--more--><\/p>\n<p> im<strong> Atrium der nfg<\/strong> <strong>jeweils ab 18.00 Uhr<\/strong> zeigen, was im Laufe des letzten Semesters von den Sch\u00fcler:innen gestaltet wurde. W\u00e4hrend in den Jahren zuvor im Kunstunterricht meist Themen und Techniken vorgegeben waren, durfte f\u00fcr die Abschlussarbeit alles frei gew\u00e4hlt werden und so reicht das Spektrum von der Zeichnung \u00fcber Malerei und Fotografie bis hin zur gro\u00dfen Plastik. Auch inhaltlich finden sich vielf\u00e4ltige, individuell gepr\u00e4gte Themen, die in diesem Jahr h\u00e4ufig die emotionalen Folgen der oft als belastend erlebten Isolation zum Schwerpunkt haben. Eine gewisse Traurigkeit zieht sich durch die Werke.<\/p>\n<p>Wir laden Sie ganz herzlich zu den beiden Abenden ein und w\u00fcrden uns \u00fcber ein kunstinteressiertes Publikum sehr freuen. Bitte halten Sie am Abend einen Nachweis bereit, dass Sie <strong>geimpft, genesen oder negativ getestet<\/strong> sind; letzteres kann noch vor der Veranstaltung in der Schule erfolgen.<\/p>\n<p><img loading=\"lazy\" decoding=\"async\" class=\"aligncenter size-large wp-image-4879\" src=\"http:\/\/nfg24.de\/w_press\/wp-content\/uploads\/2022\/03\/KONZENTRART-2022-800x600.jpg\" alt=\"\" width=\"780\" height=\"585\" srcset=\"https:\/\/nfg24.de\/w_press\/wp-content\/uploads\/2022\/03\/KONZENTRART-2022-800x600.jpg 800w, https:\/\/nfg24.de\/w_press\/wp-content\/uploads\/2022\/03\/KONZENTRART-2022-400x300.jpg 400w, https:\/\/nfg24.de\/w_press\/wp-content\/uploads\/2022\/03\/KONZENTRART-2022-768x576.jpg 768w, https:\/\/nfg24.de\/w_press\/wp-content\/uploads\/2022\/03\/KONZENTRART-2022.jpg 1365w\" sizes=\"auto, (max-width: 780px) 100vw, 780px\" \/><\/p>\n","protected":false},"excerpt":{"rendered":"<p>Nach zwei Jahren ohne unsere traditionelle Abschlusspr\u00e4sentation der Kunstkurse k\u00f6nnen wir nun endlich wieder unsere Arbeiten \u00f6ffentlich pr\u00e4sentieren. Am 6. und 7. April wird der Leistungskurs Kunst<\/p>\n","protected":false},"author":1,"featured_media":4879,"comment_status":"closed","ping_status":"closed","sticky":false,"template":"","format":"standard","meta":{"footnotes":""},"categories":[1],"tags":[],"class_list":["post-4878","post","type-post","status-publish","format-standard","has-post-thumbnail","hentry","category-news"],"_links":{"self":[{"href":"https:\/\/nfg24.de\/w_press\/wp-json\/wp\/v2\/posts\/4878","targetHints":{"allow":["GET"]}}],"collection":[{"href":"https:\/\/nfg24.de\/w_press\/wp-json\/wp\/v2\/posts"}],"about":[{"href":"https:\/\/nfg24.de\/w_press\/wp-json\/wp\/v2\/types\/post"}],"author":[{"embeddable":true,"href":"https:\/\/nfg24.de\/w_press\/wp-json\/wp\/v2\/users\/1"}],"replies":[{"embeddable":true,"href":"https:\/\/nfg24.de\/w_press\/wp-json\/wp\/v2\/comments?post=4878"}],"version-history":[{"count":3,"href":"https:\/\/nfg24.de\/w_press\/wp-json\/wp\/v2\/posts\/4878\/revisions"}],"predecessor-version":[{"id":5208,"href":"https:\/\/nfg24.de\/w_press\/wp-json\/wp\/v2\/posts\/4878\/revisions\/5208"}],"wp:featuredmedia":[{"embeddable":true,"href":"https:\/\/nfg24.de\/w_press\/wp-json\/wp\/v2\/media\/4879"}],"wp:attachment":[{"href":"https:\/\/nfg24.de\/w_press\/wp-json\/wp\/v2\/media?parent=4878"}],"wp:term":[{"taxonomy":"category","embeddable":true,"href":"https:\/\/nfg24.de\/w_press\/wp-json\/wp\/v2\/categories?post=4878"},{"taxonomy":"post_tag","embeddable":true,"href":"https:\/\/nfg24.de\/w_press\/wp-json\/wp\/v2\/tags?post=4878"}],"curies":[{"name":"wp","href":"https:\/\/api.w.org\/{rel}","templated":true}]}}