{"id":4858,"date":"2022-03-22T10:32:59","date_gmt":"2022-03-22T09:32:59","guid":{"rendered":"http:\/\/nfg24.de\/w_press\/?p=4858"},"modified":"2022-07-04T09:26:23","modified_gmt":"2022-07-04T07:26:23","slug":"distanzunterricht-fuer-die-jahrgaenge-7-und-8","status":"publish","type":"post","link":"https:\/\/nfg24.de\/w_press\/2022\/03\/22\/distanzunterricht-fuer-die-jahrgaenge-7-und-8\/","title":{"rendered":"Distanzunterricht f\u00fcr die Jahrg\u00e4nge 7 und 8"},"content":{"rendered":"<p>Sehr geehrte Eltern, liebe Sch\u00fclerinnen und Sch\u00fcler,<br \/>\ndas Infektionsgeschehen an unserer Schule nimmt weiterhin zu. Seit einigen Wochen fehlen t\u00e4glich weit mehr als <!--more--> 100 Sch\u00fclerinnen und Sch\u00fcler ebensowie viele Lehrkr\u00e4fte. Bisher haben wir versucht, die Unterrichtsorganisation durch eint\u00e4gigen Distanzunterricht f\u00fcr wechselnde Klassen aufrecht zu erhalten.<\/p>\n<p class=\"mb-1 font-weight-bold\">Doch bei der hohen Zahl fehlender Lehrkr\u00e4fte gelingt das leider nicht mehr, sodass wir die Jahrg\u00e4nge 7 und 8 zun\u00e4chst vom 23. bis 29. M\u00e4rz 2022 vollst\u00e4ndig in den Distanzunterricht schicken m\u00fcssen.<\/p>\n<p class=\"mb-1 font-weight-bold\">Aufgaben erhalten alle Klassen jeweils am Vortag bis 17.30 Uhr \u00fcber die Plattform itslearning. Beachten Sie im Folgenden bitte die Informationen auf SDUI und der Homepage.<\/p>\n<p class=\"mb-1 font-weight-bold\">In der Hoffnung auf Ihr Verst\u00e4ndnis f\u00fcr diese Ma\u00dfnahme, die auch uns nicht leicht gefallen ist, verbleibe ich mit freundlichen Gr\u00fc\u00dfen<br \/>\nHeiko B\u00f6hnke, Schulleiter<\/p>\n","protected":false},"excerpt":{"rendered":"<p>Sehr geehrte Eltern, liebe Sch\u00fclerinnen und Sch\u00fcler, das Infektionsgeschehen an unserer Schule nimmt weiterhin zu. Seit einigen Wochen fehlen t\u00e4glich weit mehr als<\/p>\n","protected":false},"author":1,"featured_media":1351,"comment_status":"closed","ping_status":"closed","sticky":false,"template":"","format":"standard","meta":{"footnotes":""},"categories":[1],"tags":[],"class_list":["post-4858","post","type-post","status-publish","format-standard","has-post-thumbnail","hentry","category-news"],"_links":{"self":[{"href":"https:\/\/nfg24.de\/w_press\/wp-json\/wp\/v2\/posts\/4858","targetHints":{"allow":["GET"]}}],"collection":[{"href":"https:\/\/nfg24.de\/w_press\/wp-json\/wp\/v2\/posts"}],"about":[{"href":"https:\/\/nfg24.de\/w_press\/wp-json\/wp\/v2\/types\/post"}],"author":[{"embeddable":true,"href":"https:\/\/nfg24.de\/w_press\/wp-json\/wp\/v2\/users\/1"}],"replies":[{"embeddable":true,"href":"https:\/\/nfg24.de\/w_press\/wp-json\/wp\/v2\/comments?post=4858"}],"version-history":[{"count":2,"href":"https:\/\/nfg24.de\/w_press\/wp-json\/wp\/v2\/posts\/4858\/revisions"}],"predecessor-version":[{"id":5205,"href":"https:\/\/nfg24.de\/w_press\/wp-json\/wp\/v2\/posts\/4858\/revisions\/5205"}],"wp:featuredmedia":[{"embeddable":true,"href":"https:\/\/nfg24.de\/w_press\/wp-json\/wp\/v2\/media\/1351"}],"wp:attachment":[{"href":"https:\/\/nfg24.de\/w_press\/wp-json\/wp\/v2\/media?parent=4858"}],"wp:term":[{"taxonomy":"category","embeddable":true,"href":"https:\/\/nfg24.de\/w_press\/wp-json\/wp\/v2\/categories?post=4858"},{"taxonomy":"post_tag","embeddable":true,"href":"https:\/\/nfg24.de\/w_press\/wp-json\/wp\/v2\/tags?post=4858"}],"curies":[{"name":"wp","href":"https:\/\/api.w.org\/{rel}","templated":true}]}}