{"id":4826,"date":"2022-03-20T15:01:06","date_gmt":"2022-03-20T14:01:06","guid":{"rendered":"http:\/\/nfg24.de\/w_press\/?p=4826"},"modified":"2022-07-04T09:24:57","modified_gmt":"2022-07-04T07:24:57","slug":"ende-der-planungsphase-es-geht-los","status":"publish","type":"post","link":"https:\/\/nfg24.de\/w_press\/2022\/03\/20\/ende-der-planungsphase-es-geht-los\/","title":{"rendered":"Ende der Planungsphase \u2013 es geht los!"},"content":{"rendered":"<p>Seit Jahren setzen sich die Sch\u00fcler-, Lehrer- und Elternvertreter mit der Schulleitung f\u00fcr die Schaffung einer Mensa und damit f\u00fcr eine gesunde und nachhaltige Essensversorgung aller an der nfg ein. Nun fand die letzte Bauplanungsbesprechung statt, bei welcher<!--more--> der Amtsleiter des Schulverwaltungsamtes Herr Rautmann, Vertreter des beauftragten Ingenieurb\u00fcros, Vertreter des Planungsb\u00fcros f\u00fcr Heizung-, L\u00fcftung- und Sanit\u00e4ranlagen, s\u00e4mtliche Mitwirkende f\u00fcr die Innen- und Au\u00dfengestaltung als auch Vertreter unserer Schulkonferenz bestehend aus Sch\u00fclerrat, Lehrerrat und Elternrat sowie die Schulleitung zusammenkamen. Nach Aussage des Amtsleiters liegen nunmehr alle F\u00f6rderbescheide und die Beteiligungszusage des Landes Mecklenburg-Vorpommern an der Finanzierung des Mensaneubau vor. Der Bauantrag wird im ersten Quartal 2022 gestellt. Nach den zu \u00fcberwindenden formalen Kriterien der Erteilung der Baugenehmigung und dem Ausschreibungsverfahren wurde optimistisch in die Glaskugel geschaut und ein Baustart im dritten Quartal 2022 angestrebt.<\/p>\n<p>Der Neubau der Mensa als eigenst\u00e4ndiges Geb\u00e4ude wird mit einem Verbindungsbau ans Ende des \u201eBumerangs\u201c an die Nordseite gesetzt. Die Mensa mit 150 Sitzm\u00f6glichkeiten sowie einer Cafeteria nebst K\u00fcchen-, Sanit\u00e4r- und Wirtschaftsr\u00e4umen wird sich im Erdgeschoss befinden. In einer weiteren Ebene werden Lehr- und Lernr\u00e4ume mit teilweise flexiblen W\u00e4nden geschaffen. Die geplante Bauweise im Rundbau nimmt die moderne und anspruchsvolle Architektur unserer Schule auf. Ein weiterer Grund f\u00fcr den Rundbau, der sich in der Planung durchgesetzt hat, ist die h\u00f6chste Effizienz der Raumkapazit\u00e4t und eine erstrebenswerte Raumakustik. Mit jeweils ca. 500m\u00b2 Nutzfl\u00e4che auf zwei Ebenen schaffen wir einen h\u00f6chst modernen Raum. Zukunftsorientiert und \u201egr\u00fcn\u201c ist die W\u00e4rme- und Energieversorgung. Diese erfolgt geplant \u00fcber W\u00e4rmepumpen und eine Photovoltaikanlage. Die Zukunft wird zeigen, ob wir gemeinsam \u00f6kologisch und nachhaltig die vorgegebenen Energiequellen nutzen \u2013 denn so die Idee, bei einem \u00dcberschuss an Energie wird dieser in Geld umgewandelt und flie\u00dft teilweise in Schulprojekte der nfg.<\/p>\n<p>Neben der ebenfalls nach langem Zuwarten realisierten Schulhofgestaltung freuen wir uns nun auf den Neubau von Mensa, Lehr- und Lehrr\u00e4umen und haben uns das gesetzte Ziel der Baufertigstellung im ersten Quartal 2024 vorgemerkt.<\/p>\n<p>Manuela K\u00f6hler, Vorsitzende der Schulkonferenz<\/p>\n","protected":false},"excerpt":{"rendered":"<p>Seit Jahren setzen sich die Sch\u00fcler-, Lehrer- und Elternvertreter mit der Schulleitung f\u00fcr die Schaffung einer Mensa und damit f\u00fcr eine gesunde und nachhaltige Essensversorgung aller an der nfg ein. Nun fand die letzte Bauplanungsbesprechung &hellip; <a href=\"https:\/\/nfg24.de\/w_press\/2022\/03\/20\/ende-der-planungsphase-es-geht-los\/\">Weiterlesen<\/a><\/p>\n","protected":false},"author":1,"featured_media":4749,"comment_status":"closed","ping_status":"closed","sticky":false,"template":"","format":"standard","meta":{"footnotes":""},"categories":[1],"tags":[],"class_list":["post-4826","post","type-post","status-publish","format-standard","has-post-thumbnail","hentry","category-news"],"_links":{"self":[{"href":"https:\/\/nfg24.de\/w_press\/wp-json\/wp\/v2\/posts\/4826","targetHints":{"allow":["GET"]}}],"collection":[{"href":"https:\/\/nfg24.de\/w_press\/wp-json\/wp\/v2\/posts"}],"about":[{"href":"https:\/\/nfg24.de\/w_press\/wp-json\/wp\/v2\/types\/post"}],"author":[{"embeddable":true,"href":"https:\/\/nfg24.de\/w_press\/wp-json\/wp\/v2\/users\/1"}],"replies":[{"embeddable":true,"href":"https:\/\/nfg24.de\/w_press\/wp-json\/wp\/v2\/comments?post=4826"}],"version-history":[{"count":2,"href":"https:\/\/nfg24.de\/w_press\/wp-json\/wp\/v2\/posts\/4826\/revisions"}],"predecessor-version":[{"id":5203,"href":"https:\/\/nfg24.de\/w_press\/wp-json\/wp\/v2\/posts\/4826\/revisions\/5203"}],"wp:featuredmedia":[{"embeddable":true,"href":"https:\/\/nfg24.de\/w_press\/wp-json\/wp\/v2\/media\/4749"}],"wp:attachment":[{"href":"https:\/\/nfg24.de\/w_press\/wp-json\/wp\/v2\/media?parent=4826"}],"wp:term":[{"taxonomy":"category","embeddable":true,"href":"https:\/\/nfg24.de\/w_press\/wp-json\/wp\/v2\/categories?post=4826"},{"taxonomy":"post_tag","embeddable":true,"href":"https:\/\/nfg24.de\/w_press\/wp-json\/wp\/v2\/tags?post=4826"}],"curies":[{"name":"wp","href":"https:\/\/api.w.org\/{rel}","templated":true}]}}