{"id":4807,"date":"2022-03-06T12:02:30","date_gmt":"2022-03-06T11:02:30","guid":{"rendered":"http:\/\/nfg24.de\/w_press\/?p=4807"},"modified":"2022-07-04T09:24:00","modified_gmt":"2022-07-04T07:24:00","slug":"neue-regelungen-fuer-den-ablauf-der-schule-ab-07-03-2022","status":"publish","type":"post","link":"https:\/\/nfg24.de\/w_press\/2022\/03\/06\/neue-regelungen-fuer-den-ablauf-der-schule-ab-07-03-2022\/","title":{"rendered":"Neue Regelungen f\u00fcr den Ablauf der Schule ab 07.03.2022"},"content":{"rendered":"<p class=\"mb-1 font-weight-bold\">Sehr geehrte Eltern,<br \/>\nliebe Sch\u00fclerinnen und Sch\u00fcler,<\/p>\n<p class=\"mb-1 font-weight-bold\">die 4. Verordnung zur \u00c4nderung der 4. Schul &#8211; Corona &#8211; Verordnung vom 22.02.2022 regelt schulische Abl\u00e4ufe ab dem 07.03.2022. <!--more--> Daraus ergeben sich \u00c4nderungen, die wir sehr begr\u00fc\u00dfen. Es ist ein lang ersehnter Schritt hin zu einer Normalit\u00e4t, die in den letzten 2 Jahren durch eine Reihe von Ma\u00dfnahmen nicht m\u00f6glich war.<\/p>\n<p class=\"mb-1 font-weight-bold\">1. Maskenpflicht und Abstandsregelung in Unterrichtsr\u00e4umen und auf dem Schulhof entfallen. In den weiteren Innenr\u00e4umen bleiben Maskenpflicht und Abstandsregelung weiterhin bestehen.<\/p>\n<p class=\"mb-1 font-weight-bold\">2. Die Einschr\u00e4nkungen bei der Nutzung der Sanit\u00e4rr\u00e4ume, Wegeregelungen, die Bildung definierter Lerngruppen und die Schulhofeinteilung nach Klassenstufen entfallen.<\/p>\n<p class=\"mb-1 font-weight-bold\">3. Die Unterrichtszeiten aller 4 Unterrichtsbl\u00f6cke entsprechen wieder den Zeiten, die in der Hausordnung festgelegt sind. Die 6. Stunde wird wieder regul\u00e4r unterrichtet.<\/p>\n<p class=\"mb-1 font-weight-bold\">4. In den Pausen nach dem 1. und 2. Block begeben sich die Sch\u00fclerinnen und Sch\u00fcler auf den Pausenhof.<\/p>\n<p class=\"mb-1 font-weight-bold\">5. Die Testung aller Personen erfolgt weiterhin jeweils montags, mittwochs und freitags in der Schule.<\/p>\n<p class=\"mb-1 font-weight-bold\">Ein Wermutstropfen in diesem Zusammenhang bleibt die weiterhin angespannte und zum Teil auch nicht durch Corona verursachte Personalsituation. Dies wird zwangsl\u00e4ufig dazu f\u00fchren, dass Stunden auch ausfallen k\u00f6nnen oder Klassen weiterhin tageweise in den Distanzunterricht gehen. In allererster Linie freuen wir uns aber sehr, die Sch\u00fclerinnen und Sch\u00fcler ab Montag maskenfrei im Unterricht begr\u00fc\u00dfen zu d\u00fcrfen.<\/p>\n<p class=\"mb-1 font-weight-bold\">Herzliche Gr\u00fc\u00dfe<br \/>\nHeiko B\u00f6hnke, Schulleiter<\/p>\n","protected":false},"excerpt":{"rendered":"<p>Sehr geehrte Eltern, liebe Sch\u00fclerinnen und Sch\u00fcler, die 4. Verordnung zur \u00c4nderung der 4. Schul &#8211; Corona &#8211; Verordnung vom 22.02.2022 regelt schulische Abl\u00e4ufe ab dem 07.03.2022.<\/p>\n","protected":false},"author":1,"featured_media":1351,"comment_status":"closed","ping_status":"closed","sticky":false,"template":"","format":"standard","meta":{"footnotes":""},"categories":[1],"tags":[],"class_list":["post-4807","post","type-post","status-publish","format-standard","has-post-thumbnail","hentry","category-news"],"_links":{"self":[{"href":"https:\/\/nfg24.de\/w_press\/wp-json\/wp\/v2\/posts\/4807","targetHints":{"allow":["GET"]}}],"collection":[{"href":"https:\/\/nfg24.de\/w_press\/wp-json\/wp\/v2\/posts"}],"about":[{"href":"https:\/\/nfg24.de\/w_press\/wp-json\/wp\/v2\/types\/post"}],"author":[{"embeddable":true,"href":"https:\/\/nfg24.de\/w_press\/wp-json\/wp\/v2\/users\/1"}],"replies":[{"embeddable":true,"href":"https:\/\/nfg24.de\/w_press\/wp-json\/wp\/v2\/comments?post=4807"}],"version-history":[{"count":2,"href":"https:\/\/nfg24.de\/w_press\/wp-json\/wp\/v2\/posts\/4807\/revisions"}],"predecessor-version":[{"id":5201,"href":"https:\/\/nfg24.de\/w_press\/wp-json\/wp\/v2\/posts\/4807\/revisions\/5201"}],"wp:featuredmedia":[{"embeddable":true,"href":"https:\/\/nfg24.de\/w_press\/wp-json\/wp\/v2\/media\/1351"}],"wp:attachment":[{"href":"https:\/\/nfg24.de\/w_press\/wp-json\/wp\/v2\/media?parent=4807"}],"wp:term":[{"taxonomy":"category","embeddable":true,"href":"https:\/\/nfg24.de\/w_press\/wp-json\/wp\/v2\/categories?post=4807"},{"taxonomy":"post_tag","embeddable":true,"href":"https:\/\/nfg24.de\/w_press\/wp-json\/wp\/v2\/tags?post=4807"}],"curies":[{"name":"wp","href":"https:\/\/api.w.org\/{rel}","templated":true}]}}