{"id":4794,"date":"2022-01-27T10:00:45","date_gmt":"2022-01-27T09:00:45","guid":{"rendered":"http:\/\/nfg24.de\/w_press\/?p=4794"},"modified":"2022-01-25T13:55:05","modified_gmt":"2022-01-25T12:55:05","slug":"information-fuer-die-eltern-der-schuelerinnen-aus-den-4-und-6-klassen-2","status":"publish","type":"post","link":"https:\/\/nfg24.de\/w_press\/2022\/01\/27\/information-fuer-die-eltern-der-schuelerinnen-aus-den-4-und-6-klassen-2\/","title":{"rendered":"Information f\u00fcr die Eltern der Sch\u00fcler:innen aus den 4. und 6. Klassen"},"content":{"rendered":"<p>In den letzten Jahren ist es Tradition geworden, dass wir an einem \u201eTag der offenen T\u00fcr\u201c alle Interessierten, besonders die Eltern von Viert- und Sechstkl\u00e4sslern, in unsere Schule eingeladen haben. F\u00fcr die Sch\u00fclerinnen und Sch\u00fcler der vierten Klassen fand au\u00dferdem ein \u201eSchnuppertag\u201c statt, an dem sie sich die Schule angesehen und am Unterricht teilgenommen haben. Fragen, die Eltern und Kinder hatten, konnten so schon im Vorfeld beantwortet werden. Im laufenden Schuljahr konnten diese Veranstaltungen leider nicht stattfinden. Wir m\u00f6chten Sie deshalb auf diesem Weg \u00fcber wesentliche Arbeitsschwerpunkte unserer Schule informieren und anbei finden Sie auch Hinweise zur Anmeldung an unserer Schule.<!--more--><\/p>\n<p>Die neue friedl\u00e4nder gesamtschule ist eine kooperative Gesamtschule mit gymnasialer Oberstufe.<\/p>\n<p>In unserem architektonisch au\u00dfergew\u00f6hnlichen Schulhaus lernen ca. 700 Sch\u00fcler von der f\u00fcnften Klasse an. Ab der siebten Klasse setzen sie ihre Schullaufbahn schulartbezogen in der Regionalen Schule oder am Gymnasium bis zum jeweiligen Abschluss fort. In unserer Schule sind drei verschiedene Schulabschl\u00fcsse m\u00f6glich \u2013 die Berufsreife (nach der 9. Klasse), die Mittlere Reife (nach der 10. Klasse) und die Hochschulreife\/Abitur (nach der 12. Klasse).<\/p>\n<p>In unserem Kollegium unterrichten neben P\u00e4dagog:innen mit langj\u00e4hriger Erfahrung immer mehr junge Lehrerinnen und Lehrer. Als Ausbildungsschule begleiten wir jedes Jahr Referendare zum Zweiten Staatsexamen.<\/p>\n<p>Unsere Schule verf\u00fcgt \u00fcber eine umfangreiche Ausstattung der Fachbereiche, moderne Sportanlagen, eine Bibliothek und sehr gute technische Voraussetzungen, die st\u00e4ndig optimiert werden. Alle R\u00e4ume verf\u00fcgen \u00fcber WLAN und moderne Pr\u00e4sentationstechnik.<span class=\"Apple-converted-space\">\u00a0<\/span><\/p>\n<p>Wir f\u00f6rdern nicht nur den individuellen Wissenserwerb, sondern auch die Herausbildung von Kompetenzen, um unsere Sch\u00fclerinnen und Sch\u00fcler zur selbstbestimmten Teilhabe und Mitgestaltung an der Gesellschaft zu bef\u00e4higen. Dies haben wir in den Leits\u00e4tzen unseres Schulprogramms verankert.<\/p>\n<p>Die nfg ist eine offene Ganztagsschule, der Unterricht ist rhythmisiert, d.h. Unterricht findet in Doppelstunden statt.<span class=\"Apple-converted-space\">\u00a0<\/span><\/p>\n<p>Zus\u00e4tzlich bieten wir Kurse au\u00dferhalb des Unterrichts an. Durch einen unserer externen Partner, den TSV Friedland 1814 e.V., werden u. a. Kurse im Bereich Volleyball, Fu\u00dfball, Tennis, Tischtennis und Fitness angeboten. Weitere Ganztagskurse sind z.B. \u201eRobotik\u201c,\u00a0\u201eChor\u201c, \u201eH\u00f6rspielwerkstatt\u201c, \u201eSchulgarten\u201c, \u201eT\u00f6pfern\u201c<span class=\"Apple-converted-space\">\u00a0<\/span>und \u201eHausaufgabenbetreuung\u201c.<\/p>\n<p>Neben dem regul\u00e4ren Unterricht finden eine ganze Reihe von unterrichtsbegleitenden und f\u00e4cher\u00fcbergreifenden Projekten, Exkursionen und Wettbewerbsteilnahmen statt.<\/p>\n<p>Unsere Sonderp\u00e4dagogin, unser Schulsozialsozialarbeiter und eine unterst\u00fctzende p\u00e4dagogische Fachkraft helfen den Sch\u00fcler:innen, Eltern und Lehrer:innen bei auftretenden Fragen oder Problemen.<\/p>\n<p>Dies ist nur ein kleiner Einblick in unser Schulleben. Weitere Informationen finden Sie hier auf unserer Homepage in den verschiedenen Rubriken.<\/p>\n<p>Zum Abschluss laden wir Sie zu einem kurzen virtuellen Rundgang durch unser Schulhaus ein. Das nachfolgende Video wurde von unseren ehemaligen Sch\u00fcler:innen Angelina Wolf, Felix Ziegener und Friederike Schulze aus der 12. Klasse erstellt und stammt aus dem Jahr 2021. Wir w\u00fcnschen Ihnen dabei viel Spa\u00df.<\/p>\n<div style=\"width: 640px;\" class=\"wp-video\"><video class=\"wp-video-shortcode\" id=\"video-4794-1\" width=\"640\" height=\"360\" preload=\"metadata\" controls=\"controls\"><source type=\"video\/mp4\" src=\"http:\/\/nfg24.de\/w_press\/wp-content\/uploads\/2021\/02\/nfg-Rundgang.mp4?_=1\" \/><a href=\"http:\/\/nfg24.de\/w_press\/wp-content\/uploads\/2021\/02\/nfg-Rundgang.mp4\">http:\/\/nfg24.de\/w_press\/wp-content\/uploads\/2021\/02\/nfg-Rundgang.mp4<\/a><\/video><\/div>\n<p>&nbsp;<\/p>\n<p>Sollten Sie Fragen haben, k\u00f6nnen Sie sich per Telefon (039601 \/ 2910) oder E-Mail (sekretariat@nfg24.de) an uns wenden. Die Anmeldung Ihres Kindes f\u00fcr die f\u00fcnfte Klasse an unserer Schule erfolgt \u00fcber die Grundschulen bzw. bei Zuzug \u00fcber einen formlosen Antrag. Die Anmeldeformulare f\u00fcr die siebte Klasse haben unsere Sch\u00fclerinnen k\u00f6nnen u. a. hier heruntergeladen werden:\u00a0<a href=\"http:\/\/nfg24.de\/w_press\/wp-content\/uploads\/2022\/01\/Anmeldung-Klasse-7.pdf\">Anmeldung Klasse 7<\/a>.<\/p>\n<p>Wir w\u00fcnschen Ihnen vor allem Gesundheit und Ihrem Kind einen erfolgreichen Abschluss der Grundschulzeit. Wir freuen uns darauf, Ihre Kinder im neuen Schuljahr bei uns zu begr\u00fc\u00dfen.<\/p>\n<p>Herzliche Gr\u00fc\u00dfe<br \/>\nHeiko B\u00f6hnke, Schulleiter<\/p>\n","protected":false},"excerpt":{"rendered":"<p>In den letzten Jahren ist es Tradition geworden, dass wir an einem \u201eTag der offenen T\u00fcr\u201c alle Interessierten, besonders die Eltern von Viert- und Sechstkl\u00e4sslern, in unsere Schule eingeladen haben. F\u00fcr die Sch\u00fclerinnen und Sch\u00fcler &hellip; <a href=\"https:\/\/nfg24.de\/w_press\/2022\/01\/27\/information-fuer-die-eltern-der-schuelerinnen-aus-den-4-und-6-klassen-2\/\">Weiterlesen<\/a><\/p>\n","protected":false},"author":1,"featured_media":0,"comment_status":"closed","ping_status":"closed","sticky":false,"template":"","format":"standard","meta":{"footnotes":""},"categories":[1],"tags":[],"class_list":["post-4794","post","type-post","status-publish","format-standard","hentry","category-news"],"_links":{"self":[{"href":"https:\/\/nfg24.de\/w_press\/wp-json\/wp\/v2\/posts\/4794","targetHints":{"allow":["GET"]}}],"collection":[{"href":"https:\/\/nfg24.de\/w_press\/wp-json\/wp\/v2\/posts"}],"about":[{"href":"https:\/\/nfg24.de\/w_press\/wp-json\/wp\/v2\/types\/post"}],"author":[{"embeddable":true,"href":"https:\/\/nfg24.de\/w_press\/wp-json\/wp\/v2\/users\/1"}],"replies":[{"embeddable":true,"href":"https:\/\/nfg24.de\/w_press\/wp-json\/wp\/v2\/comments?post=4794"}],"version-history":[{"count":5,"href":"https:\/\/nfg24.de\/w_press\/wp-json\/wp\/v2\/posts\/4794\/revisions"}],"predecessor-version":[{"id":4800,"href":"https:\/\/nfg24.de\/w_press\/wp-json\/wp\/v2\/posts\/4794\/revisions\/4800"}],"wp:attachment":[{"href":"https:\/\/nfg24.de\/w_press\/wp-json\/wp\/v2\/media?parent=4794"}],"wp:term":[{"taxonomy":"category","embeddable":true,"href":"https:\/\/nfg24.de\/w_press\/wp-json\/wp\/v2\/categories?post=4794"},{"taxonomy":"post_tag","embeddable":true,"href":"https:\/\/nfg24.de\/w_press\/wp-json\/wp\/v2\/tags?post=4794"}],"curies":[{"name":"wp","href":"https:\/\/api.w.org\/{rel}","templated":true}]}}