{"id":4759,"date":"2021-12-03T08:14:26","date_gmt":"2021-12-03T07:14:26","guid":{"rendered":"http:\/\/nfg24.de\/w_press\/?p=4759"},"modified":"2021-12-03T08:15:01","modified_gmt":"2021-12-03T07:15:01","slug":"verraenderte-unterrichtsorganisation-ab-06-12-2021","status":"publish","type":"post","link":"https:\/\/nfg24.de\/w_press\/2021\/12\/03\/verraenderte-unterrichtsorganisation-ab-06-12-2021\/","title":{"rendered":"Ver\u00e4nderte Unterrichtsorganisation ab 06.12.2021"},"content":{"rendered":"<header class=\"mb-3\" data-v-0c707384=\"\">\n<p class=\"mb-1 font-weight-bold\">Sehr geehrte Eltern, liebe Sch\u00fclerinnen und Sch\u00fcler,<br \/>\nin der Zeit vom 06.12.2021 &#8211; 03.01.2022 \u00e4ndert sich die Unterrichtsorganisation wie folgt:<\/p>\n<ul>\n<li class=\"mb-1 font-weight-bold\">Die 6. Unterrichtsstunde f\u00e4llt f\u00fcr alle Klassen weg. Die Sch\u00fcler:innen erhalten f\u00fcr diese Zeit eine zus\u00e4tzliche Hausaufgabe.<\/li>\n<li class=\"mb-1 font-weight-bold\">Sch\u00fcler:innen, die im 4. Block keinen Unterricht mehr haben und in Friedland wohnen, begeben sich unmittelbar nach der 5. Unterrichtsstunde nach Hause.<\/li>\n<li class=\"mb-1 font-weight-bold\">Sch\u00fcler:innen, die mit dem Bus nach Hause fahren, verbleiben bis 12.25 Uhr im Raum und werden dann zum Bus begleitet.<\/li>\n<li class=\"mb-1 font-weight-bold\">Der 4. Block findet in der Zeit von 12.25 Uhr &#8211; 13.30 Uhr statt, sodass im Anschluss alle Sch\u00fcler:innen nach Hause gehen oder bis 13.45 Uhr mit den Bussen nach Hause fahren.<\/li>\n<\/ul>\n<\/header>\n<div id=\"article-604472\" class=\"content mb-1\" data-v-0c707384=\"\">\n<div class=\"content inner\" data-v-0c707384=\"\">\n<p>Ich hoffe auf Ihr Verst\u00e4ndnis f\u00fcr diese Ma\u00dfnahme und w\u00fcnsche Ihnen und Euch trotz der widrigen Umst\u00e4nde eine m\u00f6glichst angenehme Vorweihnachtszeit.<\/p>\n<p>Herzliche Gr\u00fc\u00dfe<br \/>\nHeiko B\u00f6hnke, Schulleiter<\/p>\n<\/div>\n<\/div>\n","protected":false},"excerpt":{"rendered":"<p>Sehr geehrte Eltern, liebe Sch\u00fclerinnen und Sch\u00fcler, in der Zeit vom 06.12.2021 &#8211; 03.01.2022 \u00e4ndert sich die Unterrichtsorganisation wie folgt: Die 6. Unterrichtsstunde f\u00e4llt f\u00fcr alle Klassen weg. Die Sch\u00fcler:innen erhalten f\u00fcr diese Zeit eine &hellip; <a href=\"https:\/\/nfg24.de\/w_press\/2021\/12\/03\/verraenderte-unterrichtsorganisation-ab-06-12-2021\/\">Weiterlesen<\/a><\/p>\n","protected":false},"author":1,"featured_media":1351,"comment_status":"closed","ping_status":"closed","sticky":false,"template":"","format":"standard","meta":{"footnotes":""},"categories":[1],"tags":[],"class_list":["post-4759","post","type-post","status-publish","format-standard","has-post-thumbnail","hentry","category-news"],"_links":{"self":[{"href":"https:\/\/nfg24.de\/w_press\/wp-json\/wp\/v2\/posts\/4759","targetHints":{"allow":["GET"]}}],"collection":[{"href":"https:\/\/nfg24.de\/w_press\/wp-json\/wp\/v2\/posts"}],"about":[{"href":"https:\/\/nfg24.de\/w_press\/wp-json\/wp\/v2\/types\/post"}],"author":[{"embeddable":true,"href":"https:\/\/nfg24.de\/w_press\/wp-json\/wp\/v2\/users\/1"}],"replies":[{"embeddable":true,"href":"https:\/\/nfg24.de\/w_press\/wp-json\/wp\/v2\/comments?post=4759"}],"version-history":[{"count":2,"href":"https:\/\/nfg24.de\/w_press\/wp-json\/wp\/v2\/posts\/4759\/revisions"}],"predecessor-version":[{"id":4761,"href":"https:\/\/nfg24.de\/w_press\/wp-json\/wp\/v2\/posts\/4759\/revisions\/4761"}],"wp:featuredmedia":[{"embeddable":true,"href":"https:\/\/nfg24.de\/w_press\/wp-json\/wp\/v2\/media\/1351"}],"wp:attachment":[{"href":"https:\/\/nfg24.de\/w_press\/wp-json\/wp\/v2\/media?parent=4759"}],"wp:term":[{"taxonomy":"category","embeddable":true,"href":"https:\/\/nfg24.de\/w_press\/wp-json\/wp\/v2\/categories?post=4759"},{"taxonomy":"post_tag","embeddable":true,"href":"https:\/\/nfg24.de\/w_press\/wp-json\/wp\/v2\/tags?post=4759"}],"curies":[{"name":"wp","href":"https:\/\/api.w.org\/{rel}","templated":true}]}}