{"id":4603,"date":"2021-10-01T18:00:06","date_gmt":"2021-10-01T16:00:06","guid":{"rendered":"http:\/\/nfg24.de\/w_press\/?p=4603"},"modified":"2021-11-05T11:52:50","modified_gmt":"2021-11-05T10:52:50","slug":"gesundheitsbestaetigung-und-maskenpflicht-nach-herbstferien","status":"publish","type":"post","link":"https:\/\/nfg24.de\/w_press\/2021\/10\/01\/gesundheitsbestaetigung-und-maskenpflicht-nach-herbstferien\/","title":{"rendered":"Gesundheitsbest\u00e4tigung und Maskenpflicht nach Herbstferien"},"content":{"rendered":"<p>Sehr geehrte Eltern, liebe Sch\u00fclerinnen und Sch\u00fcler,<br \/>\ndie erste Phase des neuen Schuljahres ist geschafft und die Kinder d\u00fcrfen in ihre wohlverdienten Herbstferien starten.<!--more--><\/p>\n<p>Damit der Start am Montag, den 11. Oktober 2021,\u00a0wieder\u00a0reibungslos funktioniert, geben\u00a0Sie\u00a0bitte Ihrem Kind die ausgef\u00fcllte und unterschriebene\u00a0<a href=\"http:\/\/nfg24.de\/w_press\/wp-content\/uploads\/2021\/07\/A1_Erklarung-uber-das-Reiseverhalten.pdf\">Erkl\u00e4rung \u00fcber das Reiseverhalten<\/a> mit. Dieser ist vor Beginn der ersten Stunde beim unterrichtenden Fachlehrer abzugeben.<\/p>\n<p>Gleichzeitig weisen wir daraufhin, dass vom 11. bis 22. Oktober wieder die Maskenpflicht im gesamten Schulhaus herrscht. Diese Anordnung des Bildungsministerium k\u00f6nnen Sie unter diesem <a href=\"https:\/\/www.regierung-mv.de\/Landesregierung\/bm\/Presse\/Aktuelle-Pressemitteilungen\/?id=174512&amp;processor=processor.sa.pressemitteilung\">Link<\/a> nachlesen.<\/p>\n<p>Herzliche Gr\u00fc\u00dfe<br \/>\nHeiko B\u00f6hnke, Schulleiter<\/p>\n","protected":false},"excerpt":{"rendered":"<p>Sehr geehrte Eltern, liebe Sch\u00fclerinnen und Sch\u00fcler, die erste Phase des neuen Schuljahres ist geschafft und die Kinder d\u00fcrfen in ihre wohlverdienten Herbstferien starten.<\/p>\n","protected":false},"author":1,"featured_media":1351,"comment_status":"closed","ping_status":"closed","sticky":false,"template":"","format":"standard","meta":{"footnotes":""},"categories":[1],"tags":[],"class_list":["post-4603","post","type-post","status-publish","format-standard","has-post-thumbnail","hentry","category-news"],"_links":{"self":[{"href":"https:\/\/nfg24.de\/w_press\/wp-json\/wp\/v2\/posts\/4603","targetHints":{"allow":["GET"]}}],"collection":[{"href":"https:\/\/nfg24.de\/w_press\/wp-json\/wp\/v2\/posts"}],"about":[{"href":"https:\/\/nfg24.de\/w_press\/wp-json\/wp\/v2\/types\/post"}],"author":[{"embeddable":true,"href":"https:\/\/nfg24.de\/w_press\/wp-json\/wp\/v2\/users\/1"}],"replies":[{"embeddable":true,"href":"https:\/\/nfg24.de\/w_press\/wp-json\/wp\/v2\/comments?post=4603"}],"version-history":[{"count":2,"href":"https:\/\/nfg24.de\/w_press\/wp-json\/wp\/v2\/posts\/4603\/revisions"}],"predecessor-version":[{"id":4696,"href":"https:\/\/nfg24.de\/w_press\/wp-json\/wp\/v2\/posts\/4603\/revisions\/4696"}],"wp:featuredmedia":[{"embeddable":true,"href":"https:\/\/nfg24.de\/w_press\/wp-json\/wp\/v2\/media\/1351"}],"wp:attachment":[{"href":"https:\/\/nfg24.de\/w_press\/wp-json\/wp\/v2\/media?parent=4603"}],"wp:term":[{"taxonomy":"category","embeddable":true,"href":"https:\/\/nfg24.de\/w_press\/wp-json\/wp\/v2\/categories?post=4603"},{"taxonomy":"post_tag","embeddable":true,"href":"https:\/\/nfg24.de\/w_press\/wp-json\/wp\/v2\/tags?post=4603"}],"curies":[{"name":"wp","href":"https:\/\/api.w.org\/{rel}","templated":true}]}}