{"id":4424,"date":"2021-08-27T16:00:28","date_gmt":"2021-08-27T14:00:28","guid":{"rendered":"http:\/\/nfg24.de\/w_press\/?p=4424"},"modified":"2021-09-04T14:24:22","modified_gmt":"2021-09-04T12:24:22","slug":"fahrradpruefung-der-sechsten-klassen","status":"publish","type":"post","link":"https:\/\/nfg24.de\/w_press\/2021\/08\/27\/fahrradpruefung-der-sechsten-klassen\/","title":{"rendered":"Verkehrssicher mit dem Rad unterwegs"},"content":{"rendered":"<p>Vom 02. bis 04. August 2021 fand in den sechsten Klassen der neuen friedl\u00e4nder gesamtschule der Fahrradkurs statt. In den ersten zwei Tagen wurde den Kindern die Theorie <!--more-->nahegebracht: Mit (verkehrssicherem) Vollgas eigneten sie sich Vorfahrtsregeln, Verkehrssschilder sowie den Aufbau eines Fahrrades an. Besonders das Sturzhelmexperiment mit gekochten Eiern erfreute sich gro\u00dfer Beliebtheit.<br \/>\nAm Dienstag und Mittwoch stellten sich die Sch\u00fclerinnen und Sch\u00fcler der Mammutaufgabe und absolvierten kurz hintereinander die theoretische und praktische Pr\u00fcfung. Nach einem Probelauf und der tatkr\u00e4ftigen Unterst\u00fctzung der Verkehrswacht konnte der Pr\u00fcfungstag erfolgreich abgeschlossen werden.<\/p>\n<div id=\"metaslider-id-4448\" style=\"max-width: 800px; margin: 0 auto;\" class=\"ml-slider-3-108-0 metaslider metaslider-flex metaslider-4448 ml-slider has-dots-nav ms-theme-default\" role=\"region\" aria-label=\"Fahrradpr\u00fcfung Kl.6 2021\" data-height=\"600\" data-width=\"800\">\n    <div id=\"metaslider_container_4448\">\n        <div id=\"metaslider_4448\" class=\"flexslider\">\n            <ul class='slides'>\n                <li style=\"display: block; width: 100%;\" class=\"slide-4453 ms-image \" aria-roledescription=\"slide\" data-date=\"2021-08-23 20:35:11\" data-filename=\"0EB7020C-5933-43A5-93B6-ADA81E53923D.jpeg\" data-slide-type=\"image\"><img loading=\"lazy\" decoding=\"async\" src=\"https:\/\/nfg24.de\/w_press\/wp-content\/uploads\/2021\/08\/0EB7020C-5933-43A5-93B6-ADA81E53923D.jpeg\" height=\"600\" width=\"800\" alt=\"\" class=\"slider-4448 slide-4453 msDefaultImage\" title=\"0EB7020C-5933-43A5-93B6-ADA81E53923D\" \/><\/li>\n                <li style=\"display: none; width: 100%;\" class=\"slide-4455 ms-image \" aria-roledescription=\"slide\" data-date=\"2021-08-23 20:35:11\" data-filename=\"6D9628B4-7E3A-4D43-AE51-B455E5EE2B20.jpeg\" data-slide-type=\"image\"><img loading=\"lazy\" decoding=\"async\" src=\"https:\/\/nfg24.de\/w_press\/wp-content\/uploads\/2021\/08\/6D9628B4-7E3A-4D43-AE51-B455E5EE2B20.jpeg\" height=\"600\" width=\"800\" alt=\"\" class=\"slider-4448 slide-4455 msDefaultImage\" title=\"6D9628B4-7E3A-4D43-AE51-B455E5EE2B20\" \/><\/li>\n                <li style=\"display: none; width: 100%;\" class=\"slide-4454 ms-image \" aria-roledescription=\"slide\" data-date=\"2021-08-23 20:35:11\" data-filename=\"3A746FBE-6B16-4111-AC4A-D19010254A43.jpeg\" data-slide-type=\"image\"><img loading=\"lazy\" decoding=\"async\" src=\"https:\/\/nfg24.de\/w_press\/wp-content\/uploads\/2021\/08\/3A746FBE-6B16-4111-AC4A-D19010254A43.jpeg\" height=\"600\" width=\"800\" alt=\"\" class=\"slider-4448 slide-4454 msDefaultImage\" title=\"3A746FBE-6B16-4111-AC4A-D19010254A43\" \/><\/li>\n                <li style=\"display: none; width: 100%;\" class=\"slide-4456 ms-image \" aria-roledescription=\"slide\" data-date=\"2021-08-23 20:35:11\" data-filename=\"E4AAC2E7-F970-40D4-94A4-4E38A61D9901.jpeg\" data-slide-type=\"image\"><img loading=\"lazy\" decoding=\"async\" src=\"https:\/\/nfg24.de\/w_press\/wp-content\/uploads\/2021\/08\/E4AAC2E7-F970-40D4-94A4-4E38A61D9901.jpeg\" height=\"600\" width=\"800\" alt=\"\" class=\"slider-4448 slide-4456 msDefaultImage\" title=\"E4AAC2E7-F970-40D4-94A4-4E38A61D9901\" \/><\/li>\n            <\/ul>\n        <\/div>\n        \n    <\/div>\n<\/div>\n","protected":false},"excerpt":{"rendered":"<p>Vom 02. bis 04. August 2021 fand in den sechsten Klassen der neuen friedl\u00e4nder gesamtschule der Fahrradkurs statt. In den ersten zwei Tagen wurde den Kindern die Theorie<\/p>\n","protected":false},"author":1,"featured_media":4451,"comment_status":"closed","ping_status":"closed","sticky":false,"template":"","format":"standard","meta":{"footnotes":""},"categories":[1],"tags":[],"class_list":["post-4424","post","type-post","status-publish","format-standard","has-post-thumbnail","hentry","category-news"],"_links":{"self":[{"href":"https:\/\/nfg24.de\/w_press\/wp-json\/wp\/v2\/posts\/4424","targetHints":{"allow":["GET"]}}],"collection":[{"href":"https:\/\/nfg24.de\/w_press\/wp-json\/wp\/v2\/posts"}],"about":[{"href":"https:\/\/nfg24.de\/w_press\/wp-json\/wp\/v2\/types\/post"}],"author":[{"embeddable":true,"href":"https:\/\/nfg24.de\/w_press\/wp-json\/wp\/v2\/users\/1"}],"replies":[{"embeddable":true,"href":"https:\/\/nfg24.de\/w_press\/wp-json\/wp\/v2\/comments?post=4424"}],"version-history":[{"count":5,"href":"https:\/\/nfg24.de\/w_press\/wp-json\/wp\/v2\/posts\/4424\/revisions"}],"predecessor-version":[{"id":4526,"href":"https:\/\/nfg24.de\/w_press\/wp-json\/wp\/v2\/posts\/4424\/revisions\/4526"}],"wp:featuredmedia":[{"embeddable":true,"href":"https:\/\/nfg24.de\/w_press\/wp-json\/wp\/v2\/media\/4451"}],"wp:attachment":[{"href":"https:\/\/nfg24.de\/w_press\/wp-json\/wp\/v2\/media?parent=4424"}],"wp:term":[{"taxonomy":"category","embeddable":true,"href":"https:\/\/nfg24.de\/w_press\/wp-json\/wp\/v2\/categories?post=4424"},{"taxonomy":"post_tag","embeddable":true,"href":"https:\/\/nfg24.de\/w_press\/wp-json\/wp\/v2\/tags?post=4424"}],"curies":[{"name":"wp","href":"https:\/\/api.w.org\/{rel}","templated":true}]}}