{"id":4393,"date":"2021-06-23T23:25:06","date_gmt":"2021-06-23T21:25:06","guid":{"rendered":"http:\/\/nfg24.de\/w_press\/?p=4393"},"modified":"2021-09-04T14:21:22","modified_gmt":"2021-09-04T12:21:22","slug":"kinder-brauchen-liebe-strukturen-und-grenzen","status":"publish","type":"post","link":"https:\/\/nfg24.de\/w_press\/2021\/06\/23\/kinder-brauchen-liebe-strukturen-und-grenzen\/","title":{"rendered":"Kinder brauchen Liebe, Strukturen und Grenzen"},"content":{"rendered":"<p>Unter diesem Motto fanden am 14. und 15. Juni 2021 die ersten\u00a0Elternversammlungen der neuen 5. Klassen\u00a0statt. Die Beteiligung der Elternh\u00e4user lag bei nahezu 100% &#8211; vielen Dank f\u00fcr Ihr Interesse!<\/p>\n<p>Die Elternversammlungen wurden durch <!--more-->den Schulleiter Herrn B\u00f6hnke er\u00f6ffnet, bevor es in die Klassenr\u00e4ume zur individuellen Erstveranstaltung mit den Klassenlehrer:innen ging. In beiden Veranstaltungsformaten wurde \u00fcber verschiedenste Themen informiert:<br \/>\nDie Schulstruktur der nfg, M\u00f6glichkeiten der Schullaufbahngestaltung f\u00fcr die Sch\u00fclerinnen und Sch\u00fcler und die Vorteile einer kooperativen Gesamtschule mit offener Ganztagsschule wurden erl\u00e4utert.<\/p>\n<p>F\u00fcr das kommende Schuljahr ist es &#8211; durch viele Neueinstellungen von ausgebildeten Lehrkr\u00e4ften &#8211; wieder gelungen, den Sch\u00fclerinnen und Sch\u00fclern der vier f\u00fcnften Klassen jeweils zwei Klassenlehrer:innen f\u00fcr die Zeit in der Orientierungsstufe zuzuordnen. So kann eine qualitativ hochwertige Betreuung und Begleitung der Sch\u00fclerinnen und Sch\u00fcler gerade in der Anfangsphase an der nfg und beim Erlernen der k\u00fcnftig notwendigen Strukturen auf dem Weg zum selbstst\u00e4ndigen und eigenverantwortlichen Lernen erfolgen.<\/p>\n<p>Frau Metzig, die Sonderp\u00e4dagogin der Schule, informierte \u00fcber ihr Aufgabenprofil, teilte ihre Kontaktdaten mit und bot ihre Hilfe f\u00fcr Eltern von Sch\u00fcler:innen mit sonderp\u00e4dagogischen F\u00f6rderbedarf an.<\/p>\n<p>Herr Riebe als Schulsozialarbeiter der nfg, der auf mehr als zehn Jahre Erfahrung aus seiner Arbeit mit den Sch\u00fcler:innen an unserer Schule zur\u00fcckgreifen kann, stellte sich sowie Projekte der Vergangenheit und der Zukunft vor.<\/p>\n<p>Frau K\u00f6hler als Vertreterin der Elternschaft und Vorsitzende der Schulkonferenz warb f\u00fcr eine aktive Elternarbeit und das Einbringen aller, sowohl in den Klassenelternr\u00e4ten, im Schulelternrat und der Schulkonferenz. Die Arbeitskreise Schulgarten, Schulwegsicherung und Atriumbelebung warten auf interessierte und motivierte Mitstreiter.<\/p>\n<p>Der Ganztagsschulbereich wurde vorgestellt \u2013 hier treffen sich die Partner in den Sommerferien, um die Angebote f\u00fcr unsere Sch\u00fclerinnen und Sch\u00fcler f\u00fcr das Schuljahr 2021\/2022 auszuarbeiten, zu optimieren und zu erweitern. Frau Gromann als Ansprechpartnerin f\u00fcr den Ganztagsschulbereich h\u00e4lt hier die F\u00e4den in der Hand.<\/p>\n<p>Eine wichtige Rolle in der Ausgestaltung und Umsetzung von Projekten nimmt der Schulf\u00f6rderverein der nfg ein. Wie in der Vergangenheit wird er auch in der Zukunft das Schulleben aktiv begleiten. Wir werben f\u00fcr einen Beitritt im Verein \u2013 eine weitere M\u00f6glichkeit ihre Kinder aktiv durch das Schulleben zu begleiten.<\/p>\n<p>Von allen Seiten wurde betont, dass es wichtig ist, ins Gespr\u00e4ch zu kommen, im Gespr\u00e4ch zu bleiben und so Schule im Sinne der Entwicklung der Sch\u00fcler:innen gemeinsam zu gestalten!<\/p>\n<p><img loading=\"lazy\" decoding=\"async\" class=\"aligncenter size-full wp-image-4395\" src=\"http:\/\/nfg24.de\/w_press\/wp-content\/uploads\/2021\/06\/JPEG-Bild.jpeg\" alt=\"\" width=\"768\" height=\"578\" srcset=\"https:\/\/nfg24.de\/w_press\/wp-content\/uploads\/2021\/06\/JPEG-Bild.jpeg 768w, https:\/\/nfg24.de\/w_press\/wp-content\/uploads\/2021\/06\/JPEG-Bild-400x300.jpeg 400w\" sizes=\"auto, (max-width: 768px) 100vw, 768px\" \/><\/p>\n<p style=\"text-align: center;\">(v.l.n.r. Herr Riebe, Frau Gromann, Frau K\u00f6hler, Herr B\u00f6hnke, Frau Metzig)<\/p>\n","protected":false},"excerpt":{"rendered":"<p>Unter diesem Motto fanden am 14. und 15. Juni 2021 die ersten\u00a0Elternversammlungen der neuen 5. Klassen\u00a0statt. Die Beteiligung der Elternh\u00e4user lag bei nahezu 100% &#8211; vielen Dank f\u00fcr Ihr Interesse! Die Elternversammlungen wurden durch<\/p>\n","protected":false},"author":1,"featured_media":4395,"comment_status":"closed","ping_status":"closed","sticky":false,"template":"","format":"standard","meta":{"footnotes":""},"categories":[1],"tags":[],"class_list":["post-4393","post","type-post","status-publish","format-standard","has-post-thumbnail","hentry","category-news"],"_links":{"self":[{"href":"https:\/\/nfg24.de\/w_press\/wp-json\/wp\/v2\/posts\/4393","targetHints":{"allow":["GET"]}}],"collection":[{"href":"https:\/\/nfg24.de\/w_press\/wp-json\/wp\/v2\/posts"}],"about":[{"href":"https:\/\/nfg24.de\/w_press\/wp-json\/wp\/v2\/types\/post"}],"author":[{"embeddable":true,"href":"https:\/\/nfg24.de\/w_press\/wp-json\/wp\/v2\/users\/1"}],"replies":[{"embeddable":true,"href":"https:\/\/nfg24.de\/w_press\/wp-json\/wp\/v2\/comments?post=4393"}],"version-history":[{"count":4,"href":"https:\/\/nfg24.de\/w_press\/wp-json\/wp\/v2\/posts\/4393\/revisions"}],"predecessor-version":[{"id":4519,"href":"https:\/\/nfg24.de\/w_press\/wp-json\/wp\/v2\/posts\/4393\/revisions\/4519"}],"wp:featuredmedia":[{"embeddable":true,"href":"https:\/\/nfg24.de\/w_press\/wp-json\/wp\/v2\/media\/4395"}],"wp:attachment":[{"href":"https:\/\/nfg24.de\/w_press\/wp-json\/wp\/v2\/media?parent=4393"}],"wp:term":[{"taxonomy":"category","embeddable":true,"href":"https:\/\/nfg24.de\/w_press\/wp-json\/wp\/v2\/categories?post=4393"},{"taxonomy":"post_tag","embeddable":true,"href":"https:\/\/nfg24.de\/w_press\/wp-json\/wp\/v2\/tags?post=4393"}],"curies":[{"name":"wp","href":"https:\/\/api.w.org\/{rel}","templated":true}]}}