{"id":4315,"date":"2021-06-14T22:10:26","date_gmt":"2021-06-14T20:10:26","guid":{"rendered":"http:\/\/nfg24.de\/w_press\/?p=4315"},"modified":"2021-09-04T14:14:26","modified_gmt":"2021-09-04T12:14:26","slug":"das-gruene-klassenzimmer-gaertnern-an-der-nfg","status":"publish","type":"post","link":"https:\/\/nfg24.de\/w_press\/2021\/06\/14\/das-gruene-klassenzimmer-gaertnern-an-der-nfg\/","title":{"rendered":"\u201eDas gr\u00fcne Klassenzimmer\u201c &#8211; G\u00e4rtnern an der nfg"},"content":{"rendered":"<p>Die Gr\u00fcndungsmitglieder des im November 2020 gegr\u00fcndeten \u201eArbeitskreis Schulgarten\u201c haben sich am Dienstag, den 08. Juni 2021 zur weiteren Planung des Projekts getroffen.<!--more--><\/p>\n<p>Mit Frau Wottka und Frau Kleinw\u00e4chter konnten neben den Gr\u00fcnder:innen aus den Elternr\u00e4ten zwei Biologielehrerinnen der nfg als Mitglieder des Arbeitskreises gewonnen werden.<\/p>\n<p>Die Integration des Schulgartens in die naturwissenschaftlichen F\u00e4cher ist eines unserer Ziele. Der \u201eArbeitskreis Schulgarten\u201c wird \u00fcber Wahlpflichtkurse in den Unterricht und \u00fcber einen begleitenden Kurs im Ganztagsschulbereich aufgestellt sein.<\/p>\n<p>Jeder, der sich am Projekt oder im Ganztagsschulbereich beteiligen m\u00f6chte ist herzlich eingeladen. Eine E-Mailadresse wird demn\u00e4chst noch ver\u00f6ffentlicht, um den direkten Kontakt kn\u00fcpfen zu k\u00f6nnen. Die Zusammenarbeit mit unserem Schulverein und mit externen Partnern &#8211; Betrieben aus Friedland und Umgebung &#8211; soll nun aufgebaut werden. Projektskizzen und Konzepte sind zu erstellen \u2013 eine Menge Arbeit \u00fcber den Sommer, damit wir mit dem neuen Schuljahr starten k\u00f6nnen. Die Stadt Friedland stellt eine Pachtfl\u00e4che in der N\u00e4he der nfg zur Verf\u00fcgung und ein erster Kontakt zu den \u201eGartennachbarn\u201c konnte hergestellt werden. Es war ein wunderbarer Nachmittag mit tollen Gespr\u00e4chen und die Ideen sprudelten aus allen heraus \u2013 voller Optimismus starten wir, gern mit allen Interessierten, von Null in ein Zukunftsprojekt, um unseren Sch\u00fclerinnen und Sch\u00fclern ein nachhaltiges, \u00f6kologisches und naturverbundenes Bewusstsein mit auf den Weg zu geben.<\/p>\n<p>Herzliche Gr\u00fc\u00dfe,<br \/>\nManuela K\u00f6hler, Vorsitzende des Schulelternrates<\/p>\n<p style=\"text-align: center;\"><img loading=\"lazy\" decoding=\"async\" class=\"aligncenter size-full wp-image-4310\" src=\"http:\/\/nfg24.de\/w_press\/wp-content\/uploads\/2021\/06\/IMG_0650.jpg\" alt=\"\" width=\"800\" height=\"600\" srcset=\"https:\/\/nfg24.de\/w_press\/wp-content\/uploads\/2021\/06\/IMG_0650.jpg 800w, https:\/\/nfg24.de\/w_press\/wp-content\/uploads\/2021\/06\/IMG_0650-400x300.jpg 400w, https:\/\/nfg24.de\/w_press\/wp-content\/uploads\/2021\/06\/IMG_0650-768x576.jpg 768w\" sizes=\"auto, (max-width: 800px) 100vw, 800px\" \/>(v.l.n.r. Frau Kleinw\u00e4chter, Frau Wottka, Frau Petzold, Frau K\u00f6hler, Frau Totzek)<\/p>\n","protected":false},"excerpt":{"rendered":"<p>Die Gr\u00fcndungsmitglieder des im November 2020 gegr\u00fcndeten \u201eArbeitskreis Schulgarten\u201c haben sich am Dienstag, den 08. Juni 2021 zur weiteren Planung des Projekts getroffen.<\/p>\n","protected":false},"author":1,"featured_media":4310,"comment_status":"closed","ping_status":"closed","sticky":false,"template":"","format":"standard","meta":{"footnotes":""},"categories":[1],"tags":[],"class_list":["post-4315","post","type-post","status-publish","format-standard","has-post-thumbnail","hentry","category-news"],"_links":{"self":[{"href":"https:\/\/nfg24.de\/w_press\/wp-json\/wp\/v2\/posts\/4315","targetHints":{"allow":["GET"]}}],"collection":[{"href":"https:\/\/nfg24.de\/w_press\/wp-json\/wp\/v2\/posts"}],"about":[{"href":"https:\/\/nfg24.de\/w_press\/wp-json\/wp\/v2\/types\/post"}],"author":[{"embeddable":true,"href":"https:\/\/nfg24.de\/w_press\/wp-json\/wp\/v2\/users\/1"}],"replies":[{"embeddable":true,"href":"https:\/\/nfg24.de\/w_press\/wp-json\/wp\/v2\/comments?post=4315"}],"version-history":[{"count":3,"href":"https:\/\/nfg24.de\/w_press\/wp-json\/wp\/v2\/posts\/4315\/revisions"}],"predecessor-version":[{"id":4513,"href":"https:\/\/nfg24.de\/w_press\/wp-json\/wp\/v2\/posts\/4315\/revisions\/4513"}],"wp:featuredmedia":[{"embeddable":true,"href":"https:\/\/nfg24.de\/w_press\/wp-json\/wp\/v2\/media\/4310"}],"wp:attachment":[{"href":"https:\/\/nfg24.de\/w_press\/wp-json\/wp\/v2\/media?parent=4315"}],"wp:term":[{"taxonomy":"category","embeddable":true,"href":"https:\/\/nfg24.de\/w_press\/wp-json\/wp\/v2\/categories?post=4315"},{"taxonomy":"post_tag","embeddable":true,"href":"https:\/\/nfg24.de\/w_press\/wp-json\/wp\/v2\/tags?post=4315"}],"curies":[{"name":"wp","href":"https:\/\/api.w.org\/{rel}","templated":true}]}}