{"id":4301,"date":"2021-06-06T21:27:16","date_gmt":"2021-06-06T19:27:16","guid":{"rendered":"http:\/\/nfg24.de\/w_press\/?p=4301"},"modified":"2021-09-04T14:13:37","modified_gmt":"2021-09-04T12:13:37","slug":"wer-hat-lust-auf-ganztagsangebote-in-den-ferien","status":"publish","type":"post","link":"https:\/\/nfg24.de\/w_press\/2021\/06\/06\/wer-hat-lust-auf-ganztagsangebote-in-den-ferien\/","title":{"rendered":"Wer hat Lust auf Ganztagsangebote in den Ferien?"},"content":{"rendered":"<p>Sehr geehrte Eltern,<br \/>\nliebe Sch\u00fclerinnen und Sch\u00fcler,<\/p>\n<p>auch f\u00fcr das laufende Schuljahr hatten wir wieder ein umfangreiches Ganztagsangebot zusammengestellt. Leider konnte <!--more-->dieses, \u00fcber den Unterricht hinausgehende, vielseitige und bunte Angebot unter Mitwirkung von Lehrkr\u00e4ften und au\u00dferschulischen Partnern aufgrund der Coronapandemie nicht wie geplant stattfinden. Damit sind den Sch\u00fclerinnen und Sch\u00fclern wertvolle zus\u00e4tzliche Bildungs- und Freizeitangebote entgangen.<\/p>\n<p>Wir \u00fcberlegen daher, eventuell in der 1. und 2. Woche der Sommerferien die Schult\u00fcren zu \u00f6ffnen und zus\u00e4tzliche Angebote f\u00fcr Sch\u00fclerinnen und Sch\u00fcler vorzuhalten. Die Angebote richten sich nat\u00fcrlich nach den externen Partnern, die wir f\u00fcr diese Zeit gewinnen k\u00f6nnen. Dazu ist es f\u00fcr uns wichtig zu erfahren, ob Bedarf besteht.<\/p>\n<p>Wenn Ihre Kinder Interesse an solchen Kursen in den Ferien haben, melden Sie sich bitte telefonisch (039601 &#8211; 2910) oder per E-Mail (sekretariat@nfg24.de) <strong>sp\u00e4testens bis zum 11. Juni 2021<\/strong> bei uns. Ihre Ansprechpartnerin hierf\u00fcr ist Frau Gromann.<\/p>\n<p>Weiterhin besteht die M\u00f6glichkeit, dass Sie als externer Partner im neuen Schuljahr Ganztagskurse f\u00fcr unsere Sch\u00fclerinnen und Sch\u00fcler anbieten k\u00f6nnen. Wir m\u00f6chten Vereine, aber auch u. a. Eltern, Gro\u00dfeltern, ehemalige Sch\u00fcler:innen ansprechen. \u00dcberlegen Sie bitte, ob Sie uns unterst\u00fctzen k\u00f6nnen.<\/p>\n<p>Herzliche Gr\u00fc\u00dfe<br \/>\nSylvia Gromann, Didaktische Leitung<\/p>\n","protected":false},"excerpt":{"rendered":"<p>Sehr geehrte Eltern, liebe Sch\u00fclerinnen und Sch\u00fcler, auch f\u00fcr das laufende Schuljahr hatten wir wieder ein umfangreiches Ganztagsangebot zusammengestellt. Leider konnte<\/p>\n","protected":false},"author":1,"featured_media":1956,"comment_status":"closed","ping_status":"closed","sticky":false,"template":"","format":"standard","meta":{"footnotes":""},"categories":[1],"tags":[],"class_list":["post-4301","post","type-post","status-publish","format-standard","has-post-thumbnail","hentry","category-news"],"_links":{"self":[{"href":"https:\/\/nfg24.de\/w_press\/wp-json\/wp\/v2\/posts\/4301","targetHints":{"allow":["GET"]}}],"collection":[{"href":"https:\/\/nfg24.de\/w_press\/wp-json\/wp\/v2\/posts"}],"about":[{"href":"https:\/\/nfg24.de\/w_press\/wp-json\/wp\/v2\/types\/post"}],"author":[{"embeddable":true,"href":"https:\/\/nfg24.de\/w_press\/wp-json\/wp\/v2\/users\/1"}],"replies":[{"embeddable":true,"href":"https:\/\/nfg24.de\/w_press\/wp-json\/wp\/v2\/comments?post=4301"}],"version-history":[{"count":3,"href":"https:\/\/nfg24.de\/w_press\/wp-json\/wp\/v2\/posts\/4301\/revisions"}],"predecessor-version":[{"id":4511,"href":"https:\/\/nfg24.de\/w_press\/wp-json\/wp\/v2\/posts\/4301\/revisions\/4511"}],"wp:featuredmedia":[{"embeddable":true,"href":"https:\/\/nfg24.de\/w_press\/wp-json\/wp\/v2\/media\/1956"}],"wp:attachment":[{"href":"https:\/\/nfg24.de\/w_press\/wp-json\/wp\/v2\/media?parent=4301"}],"wp:term":[{"taxonomy":"category","embeddable":true,"href":"https:\/\/nfg24.de\/w_press\/wp-json\/wp\/v2\/categories?post=4301"},{"taxonomy":"post_tag","embeddable":true,"href":"https:\/\/nfg24.de\/w_press\/wp-json\/wp\/v2\/tags?post=4301"}],"curies":[{"name":"wp","href":"https:\/\/api.w.org\/{rel}","templated":true}]}}