{"id":4293,"date":"2021-05-26T19:58:58","date_gmt":"2021-05-26T17:58:58","guid":{"rendered":"http:\/\/nfg24.de\/w_press\/?p=4293"},"modified":"2021-09-04T14:17:25","modified_gmt":"2021-09-04T12:17:25","slug":"schulpflicht-fuer-alle-schuelerinnen-und-schueler-ab-27-mai","status":"publish","type":"post","link":"https:\/\/nfg24.de\/w_press\/2021\/05\/26\/schulpflicht-fuer-alle-schuelerinnen-und-schueler-ab-27-mai\/","title":{"rendered":"Schulpflicht f\u00fcr alle Sch\u00fclerinnen und Sch\u00fcler ab 27. Mai"},"content":{"rendered":"<header class=\"mb-3\" data-v-67f6abab=\"\">\n<p class=\"mb-1 font-weight-bold\">Sehr geehrte Eltern, liebe Sch\u00fclerinnen und Sch\u00fcler,<br \/>\ndie 7-Tage-Inzidenz im Landkreis Mecklenburgische Seenplatte ist laut Robert-Koch-Institut auf 31,8 gefallen. Wir freuen uns sehr, dass damit alle Sch\u00fclerinnen und Sch\u00fcler ab<br \/>\n<\/header>\n<p><!--more--> 27.05.2021 wieder in den Unterricht zur\u00fcckkehren. Solange die Inzidenz nicht \u00fcber 100 steigt, bleibt dies auch unver\u00e4ndert die g\u00fcltige Regel.<\/p>\n<p class=\"mb-1 font-weight-bold\">Die Vorlage einer Gesundheitsbest\u00e4tigung durch Sch\u00fcler:innen ist ab sofort nicht mehr n\u00f6tig. Die\u00a0<a href=\"http:\/\/nfg24.de\/w_press\/wp-content\/uploads\/2021\/05\/A2_Einverst\u00e4ndniserkl\u00e4rung_Schule.pdf\" target=\"_blank\" rel=\"noopener noreferrer\">Einverst\u00e4ndniserkl\u00e4rung zur Selbsttestung<\/a> ist Voraussetzung f\u00fcr die Teilnahme am Unterricht.<\/p>\n<p class=\"mb-1 font-weight-bold\">Ab sofort k\u00f6nnen Sch\u00fcler:innen von der Schule auf Wunsch eine Best\u00e4tigung \u00fcber ein negatives Testergebnis erhalten, wenn der Test in der Schule mit einem von der Schule gestellten Testkit erfolgt ist. Geben Sie Ihrem Kind bitte bei Bedarf ein entsprechendes Schreiben mit.<\/p>\n<p class=\"mb-1 font-weight-bold\">Herzliche Gr\u00fc\u00dfe<br \/>\nHeiko B\u00f6hnke, Schulleiter<\/p>\n<\/header>\n","protected":false},"excerpt":{"rendered":"<p>Sehr geehrte Eltern, liebe Sch\u00fclerinnen und Sch\u00fcler, die 7-Tage-Inzidenz im Landkreis Mecklenburgische Seenplatte ist laut Robert-Koch-Institut auf 31,8 gefallen. Wir freuen uns sehr, dass damit alle Sch\u00fclerinnen und Sch\u00fcler ab<\/p>\n","protected":false},"author":1,"featured_media":1351,"comment_status":"closed","ping_status":"closed","sticky":false,"template":"","format":"standard","meta":{"footnotes":""},"categories":[1],"tags":[],"class_list":["post-4293","post","type-post","status-publish","format-standard","has-post-thumbnail","hentry","category-news"],"_links":{"self":[{"href":"https:\/\/nfg24.de\/w_press\/wp-json\/wp\/v2\/posts\/4293","targetHints":{"allow":["GET"]}}],"collection":[{"href":"https:\/\/nfg24.de\/w_press\/wp-json\/wp\/v2\/posts"}],"about":[{"href":"https:\/\/nfg24.de\/w_press\/wp-json\/wp\/v2\/types\/post"}],"author":[{"embeddable":true,"href":"https:\/\/nfg24.de\/w_press\/wp-json\/wp\/v2\/users\/1"}],"replies":[{"embeddable":true,"href":"https:\/\/nfg24.de\/w_press\/wp-json\/wp\/v2\/comments?post=4293"}],"version-history":[{"count":4,"href":"https:\/\/nfg24.de\/w_press\/wp-json\/wp\/v2\/posts\/4293\/revisions"}],"predecessor-version":[{"id":4518,"href":"https:\/\/nfg24.de\/w_press\/wp-json\/wp\/v2\/posts\/4293\/revisions\/4518"}],"wp:featuredmedia":[{"embeddable":true,"href":"https:\/\/nfg24.de\/w_press\/wp-json\/wp\/v2\/media\/1351"}],"wp:attachment":[{"href":"https:\/\/nfg24.de\/w_press\/wp-json\/wp\/v2\/media?parent=4293"}],"wp:term":[{"taxonomy":"category","embeddable":true,"href":"https:\/\/nfg24.de\/w_press\/wp-json\/wp\/v2\/categories?post=4293"},{"taxonomy":"post_tag","embeddable":true,"href":"https:\/\/nfg24.de\/w_press\/wp-json\/wp\/v2\/tags?post=4293"}],"curies":[{"name":"wp","href":"https:\/\/api.w.org\/{rel}","templated":true}]}}