{"id":4283,"date":"2021-05-13T10:00:07","date_gmt":"2021-05-13T08:00:07","guid":{"rendered":"http:\/\/nfg24.de\/w_press\/?p=4283"},"modified":"2021-09-04T14:08:09","modified_gmt":"2021-09-04T12:08:09","slug":"schule-ist-ab-17-mai-2021-wieder-geoeffnet","status":"publish","type":"post","link":"https:\/\/nfg24.de\/w_press\/2021\/05\/13\/schule-ist-ab-17-mai-2021-wieder-geoeffnet\/","title":{"rendered":"Schule ist ab 17. Mai 2021 wieder ge\u00f6ffnet"},"content":{"rendered":"<p>Sehr geehrte Eltern, liebe Sch\u00fclerinnen und Sch\u00fcler,<br \/>\nnachdem der Inzidenzwert in Mecklenburg-Vorpommern stabil unter 100 liegt, beginnt am 17.05.2021 wieder der Wechselunterricht mit Anwesenheitspflicht f\u00fcr die Klassen 5 bis 8, 9G und <!--more-->10G. Zus\u00e4tzlich bieten wir f\u00fcr die Klassen 5 und 6 eine Notbetreuung wie in den letzten Wochen an.<\/p>\n<p>Wir freuen uns auf unsere Sch\u00fclerinnen und Sch\u00fcler und starten mit einer A-Woche f\u00fcr die Sch\u00fclerinnen und Sch\u00fcler der Gruppe 2. Die Sch\u00fcler*innen der Gruppe 1 m\u00fcssen in der n\u00e4chsten Woche leider noch im Distanzunterricht bleiben und erhalten Aufgaben \u00fcber die Cloud.<\/p>\n<p>F\u00fcr die Klassen 9R und 11 \u00e4ndert sich in der Organisation des Unterrichts nichts. Allerdings gilt ab 17.05.2021 auch hier die Anwesenheitspflicht.<\/p>\n<p>Entsprechend der aktuellen Schul-Corona-Verordnung des Bildungsministeriums besteht f\u00fcr alle Sch\u00fcler:innen und alle an Schule Besch\u00e4ftigten eine Testpflicht (jeweils montags und mittwochs). Die Testung erfolgt in der Schule mit den dort vorr\u00e4tigen Testkits: <em>Clugene Covid-19 Antigen Rapid Test<\/em> f\u00fcr Sch\u00fcler*innen ab 15 zugelassen und <em>AMP Rapid Test SARS-CoV-2 Ag\u00a0<\/em> f\u00fcr alle Sch\u00fcler*innen zugelassen. Alle Sch\u00fcler:innen bringen daf\u00fcr bitte die <a href=\"http:\/\/nfg24.de\/w_press\/wp-content\/uploads\/2021\/05\/A2_Einverst\u00e4ndniserkl\u00e4rung_Schule.pdf\" target=\"_blank\" rel=\"noopener noreferrer\">aktuelle Einverst\u00e4ndniserkl\u00e4rung<\/a> ausgef\u00fcllt und unterschrieben am Montag mit, da sie ohne diese nicht an den Testungen und somit am Unterricht teilnehmen k\u00f6nnen.<\/p>\n<p>Eltern, die den Test in der Schule grunds\u00e4tzlich ablehnen oder andere Gr\u00fcnde f\u00fcr eine coronabedingte Befreiung von der Pr\u00e4senzpflicht vorbringen, haben die M\u00f6glichkeit, bis Montag, 17.05.2021 um 07:30 Uhr einen formlosen Antrag auf Schulpflichtbefreiung zu stellen. Die betreffenden Sch\u00fcler:innen erhalten weiterhin Aufgaben \u00fcber die Cloud. Eine Betreuung durch Lehrkr\u00e4fte erfolgt nicht. Sollte Ihr Kind in der n\u00e4chsten Woche aus Krankheitsgr\u00fcnden die Schule nicht besuchen oder nicht am Distanzunterricht teilnehmen k\u00f6nnen, bitten wir Sie bis 08:00Uhr um eine Information im Sekretariat.<\/p>\n<p>Wir hoffen sehr, dass es durch Testung, Impfung und Hygienema\u00dfnahmen gelingt, die Schule bis zum Ende dieses schwierigen Schuljahres offen zu halten und im Schuljahr 2021\/22 mit normalen Unterrichtszeiten f\u00fcr alle Sch\u00fcler*innen starten zu k\u00f6nnen.<\/p>\n<p>Herzliche Gr\u00fc\u00dfe<br \/>\nHeiko B\u00f6hnke, Schulleiter<\/p>\n","protected":false},"excerpt":{"rendered":"<p>Sehr geehrte Eltern, liebe Sch\u00fclerinnen und Sch\u00fcler, nachdem der Inzidenzwert in Mecklenburg-Vorpommern stabil unter 100 liegt, beginnt am 17.05.2021 wieder der Wechselunterricht mit Anwesenheitspflicht f\u00fcr die Klassen 5 bis 8, 9G und<\/p>\n","protected":false},"author":1,"featured_media":1351,"comment_status":"closed","ping_status":"closed","sticky":false,"template":"","format":"standard","meta":{"footnotes":""},"categories":[1],"tags":[],"class_list":["post-4283","post","type-post","status-publish","format-standard","has-post-thumbnail","hentry","category-news"],"_links":{"self":[{"href":"https:\/\/nfg24.de\/w_press\/wp-json\/wp\/v2\/posts\/4283","targetHints":{"allow":["GET"]}}],"collection":[{"href":"https:\/\/nfg24.de\/w_press\/wp-json\/wp\/v2\/posts"}],"about":[{"href":"https:\/\/nfg24.de\/w_press\/wp-json\/wp\/v2\/types\/post"}],"author":[{"embeddable":true,"href":"https:\/\/nfg24.de\/w_press\/wp-json\/wp\/v2\/users\/1"}],"replies":[{"embeddable":true,"href":"https:\/\/nfg24.de\/w_press\/wp-json\/wp\/v2\/comments?post=4283"}],"version-history":[{"count":3,"href":"https:\/\/nfg24.de\/w_press\/wp-json\/wp\/v2\/posts\/4283\/revisions"}],"predecessor-version":[{"id":4503,"href":"https:\/\/nfg24.de\/w_press\/wp-json\/wp\/v2\/posts\/4283\/revisions\/4503"}],"wp:featuredmedia":[{"embeddable":true,"href":"https:\/\/nfg24.de\/w_press\/wp-json\/wp\/v2\/media\/1351"}],"wp:attachment":[{"href":"https:\/\/nfg24.de\/w_press\/wp-json\/wp\/v2\/media?parent=4283"}],"wp:term":[{"taxonomy":"category","embeddable":true,"href":"https:\/\/nfg24.de\/w_press\/wp-json\/wp\/v2\/categories?post=4283"},{"taxonomy":"post_tag","embeddable":true,"href":"https:\/\/nfg24.de\/w_press\/wp-json\/wp\/v2\/tags?post=4283"}],"curies":[{"name":"wp","href":"https:\/\/api.w.org\/{rel}","templated":true}]}}