{"id":4281,"date":"2021-05-12T23:03:02","date_gmt":"2021-05-12T21:03:02","guid":{"rendered":"http:\/\/nfg24.de\/w_press\/?p=4281"},"modified":"2021-09-04T14:07:39","modified_gmt":"2021-09-04T12:07:39","slug":"informationen-aus-der-letzten-schulkonferenzsitzung","status":"publish","type":"post","link":"https:\/\/nfg24.de\/w_press\/2021\/05\/12\/informationen-aus-der-letzten-schulkonferenzsitzung\/","title":{"rendered":"Informationen aus der letzten Schulkonferenzsitzung"},"content":{"rendered":"<p>Die Konferenz fand erstmalig im Onlineformat statt. Mit den Vertretern aus Sch\u00fclerrat, Lehrerrat und Elternrat wurde die aktuelle Situation bewertet. An den Sitzungen der Konferenz nehmen zudem regelm\u00e4\u00dfig die Vertreter aus<!--more--> der Schulsozialarbeit \u2013 Herr Riebe und Vertreter seitens des Schultr\u00e4gers \u2013 Frau Jetziorowski teil.<\/p>\n<p><strong>Kommunikation<br \/>\n<\/strong>Die Erreichbarkeit aller Lehrkr\u00e4fte \u00fcber die Dienstmail konnte nach Bestrebungen des Elternrates nunmehr umgesetzt werden. \u00dcber die Schulcloud sind die Adressen zu finden.<\/p>\n<p><strong>SDUI<br \/>\n<\/strong>Verst\u00e4rkt m\u00f6chten wir Sie\/Euch zur Nutzung unserer Kommunikationsplattform SDUI aufrufen!<\/p>\n<p><strong>Wechselunterricht\/Distanzunterricht<br \/>\n<\/strong>Die Mitarbeit der Sch\u00fclerinnen und Sch\u00fcler im Distanzunterricht wurde f\u00fcr den regionalen und gymnasialen Teil unserer Schule ausgewertet. Mit gesammelten Erfahrungen nunmehr aus Lockdown I und II gehen wird geplanter und strukturierter in den Lockdown III.<br \/>\nAb dem 12.04.2021 fand der Wechselunterricht wieder im Wochenwechselmodel statt. Die Empfehlung der Konferenz aus der Sitzung vom 26.11.2020 war das Tagewechselmodel. Die Lehrerschaft hat sich hier aus praktischen Gesichtspunkten im Schulalltag f\u00fcr das Wochenwechselmodel entschieden. Informationen hierzu finden Sie immer aktuell auf der Homepage.<\/p>\n<p><strong>Teststrategie<br \/>\n<\/strong>Die Teststrategie wurde erl\u00e4utert und die Konferenz hat sich f\u00fcr eine Testung in der H\u00e4uslichkeit ausgesprochen \u2013 befristet auf den Zeitraum der freiwilligen Testung. Mit dem Bekanntwerden der Testpflicht werden die Testung in der Schule durchgef\u00fchrt.<\/p>\n<p><strong>Medienbildungskonzept (MBK)<br \/>\n<\/strong>Das MBK wurde \u00fcberarbeitet und fortgeschrieben. Ziel ist es die bereits guten technischen Standards der nfg auszubauen und immer mehr Sch\u00fclerinnen und Sch\u00fcler sowie Fach- und Lehrr\u00e4ume mit der erforderlichen Technik auszustatten.<\/p>\n<p><strong>Mensabau<br \/>\n<\/strong>Seit Jahren arbeitet die Konferenz an einer L\u00f6sung zur Mittagsversorgung unserer Sch\u00fclerinnen und Sch\u00fcler. Nunmehr nehmen die Pl\u00e4ne Gestalt an und Gelder stehen zur Verf\u00fcgung. Der erste Spatenstich r\u00fcckt n\u00e4her und neben einer Mensa werden weitere Lehrr\u00e4ume in einem neuen Anbau verbunden mit dem Bumerang entstehen.<\/p>\n<p><strong>Arbeitskreise<br \/>\n<\/strong>Die Arbeitskreise \u201eSchulwegsicherung\u201c, \u201eSchulgarten\u201c und \u201eNutzung des Atrium\u201c haben ihre Arbeit aufgenommen und werden dar\u00fcber gesondert informieren.<\/p>\n","protected":false},"excerpt":{"rendered":"<p>Die Konferenz fand erstmalig im Onlineformat statt. Mit den Vertretern aus Sch\u00fclerrat, Lehrerrat und Elternrat wurde die aktuelle Situation bewertet. An den Sitzungen der Konferenz nehmen zudem regelm\u00e4\u00dfig die Vertreter aus<\/p>\n","protected":false},"author":1,"featured_media":4267,"comment_status":"closed","ping_status":"closed","sticky":false,"template":"","format":"standard","meta":{"footnotes":""},"categories":[1],"tags":[],"class_list":["post-4281","post","type-post","status-publish","format-standard","has-post-thumbnail","hentry","category-news"],"_links":{"self":[{"href":"https:\/\/nfg24.de\/w_press\/wp-json\/wp\/v2\/posts\/4281","targetHints":{"allow":["GET"]}}],"collection":[{"href":"https:\/\/nfg24.de\/w_press\/wp-json\/wp\/v2\/posts"}],"about":[{"href":"https:\/\/nfg24.de\/w_press\/wp-json\/wp\/v2\/types\/post"}],"author":[{"embeddable":true,"href":"https:\/\/nfg24.de\/w_press\/wp-json\/wp\/v2\/users\/1"}],"replies":[{"embeddable":true,"href":"https:\/\/nfg24.de\/w_press\/wp-json\/wp\/v2\/comments?post=4281"}],"version-history":[{"count":2,"href":"https:\/\/nfg24.de\/w_press\/wp-json\/wp\/v2\/posts\/4281\/revisions"}],"predecessor-version":[{"id":4502,"href":"https:\/\/nfg24.de\/w_press\/wp-json\/wp\/v2\/posts\/4281\/revisions\/4502"}],"wp:featuredmedia":[{"embeddable":true,"href":"https:\/\/nfg24.de\/w_press\/wp-json\/wp\/v2\/media\/4267"}],"wp:attachment":[{"href":"https:\/\/nfg24.de\/w_press\/wp-json\/wp\/v2\/media?parent=4281"}],"wp:term":[{"taxonomy":"category","embeddable":true,"href":"https:\/\/nfg24.de\/w_press\/wp-json\/wp\/v2\/categories?post=4281"},{"taxonomy":"post_tag","embeddable":true,"href":"https:\/\/nfg24.de\/w_press\/wp-json\/wp\/v2\/tags?post=4281"}],"curies":[{"name":"wp","href":"https:\/\/api.w.org\/{rel}","templated":true}]}}