{"id":4231,"date":"2021-05-04T23:54:29","date_gmt":"2021-05-04T21:54:29","guid":{"rendered":"http:\/\/nfg24.de\/w_press\/?p=4231"},"modified":"2021-09-04T14:04:53","modified_gmt":"2021-09-04T12:04:53","slug":"vorbestellung-des-diesjaehrigen-jahrbuchs","status":"publish","type":"post","link":"https:\/\/nfg24.de\/w_press\/2021\/05\/04\/vorbestellung-des-diesjaehrigen-jahrbuchs\/","title":{"rendered":"Vorbestellung des diesj\u00e4hrigen Jahrbuchs"},"content":{"rendered":"<p>Liebe Sch\u00fclerinnen und Sch\u00fcler, liebe Eltern,<br \/>\nliebe Lehrerinnen und Lehrer,<br \/>\nauch in diesem Schuljahr hat sich der Wahlpflichtkurs darum bem\u00fcht, ein Jahrbuch zusammenzustellen. Es wird <!--more-->in geringerem Umfang erscheinen, da pandemiebedingt nicht viele Aktivit\u00e4ten an der Schule stattfinden konnten. Trotzdem lohnt sich der Kauf, denn viele Klassen sind fotografiert worden, es gibt Berichte \u00fcber Sch\u00fclerinnen und Sch\u00fcler, Lehrerinnen und Lehrer und einige Aktionen der Schule. Das Jahrbuch wird ebenso in einer geringen St\u00fcckzahl gedruckt, soll 3 Euro kosten und ab Montag, dem 14. Juni 2021, im Sekretariat zu kaufen sein.<\/p>\n<p>Die <strong>verbindliche Vorbestellung bitte bis Montag, 10.05.21<\/strong>, unter Angabe des Namens, der Klasse und der gew\u00fcnschten St\u00fcckzahl an <a href=\"mailto:akutyma@nfg24.de\">akutyma@nfg24.de<\/a> senden.<\/p>\n<p>Herzliche Gr\u00fc\u00dfe<br \/>\ndas Jahrbuchteam der nfg<br \/>\n<img loading=\"lazy\" decoding=\"async\" class=\"aligncenter wp-image-4232 size-full\" src=\"http:\/\/nfg24.de\/w_press\/wp-content\/uploads\/2021\/05\/IMG_5910.jpg\" alt=\"\" width=\"800\" height=\"600\" srcset=\"https:\/\/nfg24.de\/w_press\/wp-content\/uploads\/2021\/05\/IMG_5910.jpg 800w, https:\/\/nfg24.de\/w_press\/wp-content\/uploads\/2021\/05\/IMG_5910-400x300.jpg 400w, https:\/\/nfg24.de\/w_press\/wp-content\/uploads\/2021\/05\/IMG_5910-768x576.jpg 768w\" sizes=\"auto, (max-width: 800px) 100vw, 800px\" \/><\/p>\n","protected":false},"excerpt":{"rendered":"<p>Liebe Sch\u00fclerinnen und Sch\u00fcler, liebe Eltern, liebe Lehrerinnen und Lehrer, auch in diesem Schuljahr hat sich der Wahlpflichtkurs darum bem\u00fcht, ein Jahrbuch zusammenzustellen. Es wird<\/p>\n","protected":false},"author":1,"featured_media":4232,"comment_status":"closed","ping_status":"closed","sticky":false,"template":"","format":"standard","meta":{"footnotes":""},"categories":[1],"tags":[],"class_list":["post-4231","post","type-post","status-publish","format-standard","has-post-thumbnail","hentry","category-news"],"_links":{"self":[{"href":"https:\/\/nfg24.de\/w_press\/wp-json\/wp\/v2\/posts\/4231","targetHints":{"allow":["GET"]}}],"collection":[{"href":"https:\/\/nfg24.de\/w_press\/wp-json\/wp\/v2\/posts"}],"about":[{"href":"https:\/\/nfg24.de\/w_press\/wp-json\/wp\/v2\/types\/post"}],"author":[{"embeddable":true,"href":"https:\/\/nfg24.de\/w_press\/wp-json\/wp\/v2\/users\/1"}],"replies":[{"embeddable":true,"href":"https:\/\/nfg24.de\/w_press\/wp-json\/wp\/v2\/comments?post=4231"}],"version-history":[{"count":6,"href":"https:\/\/nfg24.de\/w_press\/wp-json\/wp\/v2\/posts\/4231\/revisions"}],"predecessor-version":[{"id":4499,"href":"https:\/\/nfg24.de\/w_press\/wp-json\/wp\/v2\/posts\/4231\/revisions\/4499"}],"wp:featuredmedia":[{"embeddable":true,"href":"https:\/\/nfg24.de\/w_press\/wp-json\/wp\/v2\/media\/4232"}],"wp:attachment":[{"href":"https:\/\/nfg24.de\/w_press\/wp-json\/wp\/v2\/media?parent=4231"}],"wp:term":[{"taxonomy":"category","embeddable":true,"href":"https:\/\/nfg24.de\/w_press\/wp-json\/wp\/v2\/categories?post=4231"},{"taxonomy":"post_tag","embeddable":true,"href":"https:\/\/nfg24.de\/w_press\/wp-json\/wp\/v2\/tags?post=4231"}],"curies":[{"name":"wp","href":"https:\/\/api.w.org\/{rel}","templated":true}]}}