{"id":4228,"date":"2021-04-29T23:34:39","date_gmt":"2021-04-29T21:34:39","guid":{"rendered":"http:\/\/nfg24.de\/w_press\/?p=4228"},"modified":"2021-09-04T14:04:22","modified_gmt":"2021-09-04T12:04:22","slug":"weiterhin-distanzunterricht-in-der-kommenden-woche","status":"publish","type":"post","link":"https:\/\/nfg24.de\/w_press\/2021\/04\/29\/weiterhin-distanzunterricht-in-der-kommenden-woche\/","title":{"rendered":"Weiterhin Distanzunterricht in der kommenden Woche"},"content":{"rendered":"<p>Sehr geehrte Eltern,<br \/>\nliebe Sch\u00fclerinnen und Sch\u00fcler,<br \/>\nwie auch schon in den vergangenen zwei Wochen liegt die Inzidenz noch \u00fcber dem Richtwert, sodass wir uns auch in<!--more--> der n\u00e4chsten Woche im Distanzunterricht befinden werden. Ausgenommen davon sind wie bisher die Vorabgangsklassen der 9R und 11 sowie die Notbetreuung der Klassen 5 und 6. F\u00fcr alle anderen Klassen wird die Beschulung weiterhin \u00fcber Videokonferenzen und die Aufgabenablage in der Schulcloud stattfinden.<\/p>\n<p>Abschlie\u00dfend m\u00f6chte ich Sie, liebe Eltern, \u00fcber das Verfahren mit den Corona-Selbsttest informieren, da uns hierzu viele Anfragen erreicht haben:<\/p>\n<p>Die Landesregierung hat beschlossen, dass die Testung auf das Coronavirus ab Mittwoch, 28. April 2021, f\u00fcr die Teilnahme am Unterricht verpflichtend ist. Der Test findet in der Schule oder auf Beschluss der Schulkonferenz zuhause statt. <strong>Die <em>Schulkonferenz<\/em> hat nunmehr beschlossen, dass die verpflichtenden Tests in der Schule stattfinden. <\/strong>Die Testung erfolgt jeweils montags und mittwochs vor der ersten Stunde. Sie haben mein Versprechen, dass wir mit der Testung und besonders bei einem eventuellen positiven Testergebnis sehr sensibel und so diskret wie m\u00f6glich vorgehen werden.<\/p>\n<p>Herzliche Gr\u00fc\u00dfe<br \/>\nHeiko B\u00f6hnke, Schulleiter<\/p>\n","protected":false},"excerpt":{"rendered":"<p>Sehr geehrte Eltern, liebe Sch\u00fclerinnen und Sch\u00fcler, wie auch schon in den vergangenen zwei Wochen liegt die Inzidenz noch \u00fcber dem Richtwert, sodass wir uns auch in<\/p>\n","protected":false},"author":1,"featured_media":1351,"comment_status":"closed","ping_status":"closed","sticky":false,"template":"","format":"standard","meta":{"footnotes":""},"categories":[1],"tags":[],"class_list":["post-4228","post","type-post","status-publish","format-standard","has-post-thumbnail","hentry","category-news"],"_links":{"self":[{"href":"https:\/\/nfg24.de\/w_press\/wp-json\/wp\/v2\/posts\/4228","targetHints":{"allow":["GET"]}}],"collection":[{"href":"https:\/\/nfg24.de\/w_press\/wp-json\/wp\/v2\/posts"}],"about":[{"href":"https:\/\/nfg24.de\/w_press\/wp-json\/wp\/v2\/types\/post"}],"author":[{"embeddable":true,"href":"https:\/\/nfg24.de\/w_press\/wp-json\/wp\/v2\/users\/1"}],"replies":[{"embeddable":true,"href":"https:\/\/nfg24.de\/w_press\/wp-json\/wp\/v2\/comments?post=4228"}],"version-history":[{"count":2,"href":"https:\/\/nfg24.de\/w_press\/wp-json\/wp\/v2\/posts\/4228\/revisions"}],"predecessor-version":[{"id":4498,"href":"https:\/\/nfg24.de\/w_press\/wp-json\/wp\/v2\/posts\/4228\/revisions\/4498"}],"wp:featuredmedia":[{"embeddable":true,"href":"https:\/\/nfg24.de\/w_press\/wp-json\/wp\/v2\/media\/1351"}],"wp:attachment":[{"href":"https:\/\/nfg24.de\/w_press\/wp-json\/wp\/v2\/media?parent=4228"}],"wp:term":[{"taxonomy":"category","embeddable":true,"href":"https:\/\/nfg24.de\/w_press\/wp-json\/wp\/v2\/categories?post=4228"},{"taxonomy":"post_tag","embeddable":true,"href":"https:\/\/nfg24.de\/w_press\/wp-json\/wp\/v2\/tags?post=4228"}],"curies":[{"name":"wp","href":"https:\/\/api.w.org\/{rel}","templated":true}]}}