{"id":4151,"date":"2021-03-10T23:55:21","date_gmt":"2021-03-10T22:55:21","guid":{"rendered":"http:\/\/nfg24.de\/w_press\/?p=4151"},"modified":"2021-03-25T20:42:22","modified_gmt":"2021-03-25T19:42:22","slug":"praesenz-und-wechselunterricht-ab-15-maerz","status":"publish","type":"post","link":"https:\/\/nfg24.de\/w_press\/2021\/03\/10\/praesenz-und-wechselunterricht-ab-15-maerz\/","title":{"rendered":"Pr\u00e4senz- und Wechselunterricht ab 15. M\u00e4rz"},"content":{"rendered":"<p>Sehr geehrte Eltern,<br \/>\nseit dem 22. Februar 2021 besuchen die Jahrg\u00e4nge 5 und 6 sowie die Abschlussklassen wieder t\u00e4glich die Schule. Diesen Unterricht f\u00fchren wir fort. Ab 15.03.2021 besteht f\u00fcr diese Sch\u00fclerinnen und Sch\u00fcler allerdings Anwesenheitspflicht.<!--more--><\/p>\n<p>Ich freue mich sehr, Ihnen dar\u00fcber hinaus mitteilen zu k\u00f6nnen, dass wir ab dem 15.03.2021 endlich auch f\u00fcr die anderen Klassen Wechselunterricht anbieten werden, sofern die Inzidenz im Landkreis MSE stabil unter 50 bleibt. Damit k\u00f6nnen Ihre Kinder zumindest tageweise in die Schule kommen und wechseln zwischen Pr\u00e4senz- und Distanzunterricht. Dem beigef\u00fcgten Formular &#8222;<em><a href=\"http:\/\/nfg24.de\/w_press\/wp-content\/uploads\/2021\/03\/Anwesenheit-im-Wechselunterricht.pdf\" target=\"_blank\" rel=\"noopener noreferrer\">Anwesenheit im Wechselunterricht<\/a><\/em>&#8220; entnehmen Sie bitte die Tage, an denen die jeweiligen Klassen in der Schule sind. An den anderen Tagen erh\u00e4lt Ihr Kind weiterhin Aufgaben \u00fcber die Cloud. Die Teilnahme am Wechselunterricht ist noch freiwillig. Sollten Sie sich gegen die Teilnahme aussprechen melden Sie Ihr Kind bitte bis jeweils 8.00Uhr in der Schule ab. Es erh\u00e4lt die Aufgaben dann ebenfalls \u00fcber die Cloud.<\/p>\n<p>F\u00fcr alle Klassen, die sich im Wechselunterricht befinden, gilt die 1,50-Meter-Regelung, so dass wir diese Klassen teilen, sofern mehr als 15 Sch\u00fcler anwesend sind. Dar\u00fcber hinaus gilt der Hygieneplan der Schule unver\u00e4ndert (Maskenpflicht, Pausenordnung, Benutzung Sanit\u00e4rraume).<\/p>\n<p>Geben Sie Ihrem Kind am ersten Pr\u00e4senztag bitte unbedingt die beiden unterschriebenen <em><a href=\"http:\/\/nfg24.de\/w_press\/wp-content\/uploads\/2021\/02\/Formular-zur-Gesundheitsbestaetigung.pdf\" target=\"_blank\" rel=\"noopener noreferrer\">Formulare zum Gesundheitszustand und zum Aufenthalt in Risikogebiete<\/a><\/em> mit. Ohne diese Formulare ist eine Teilnahme am Unterricht nicht m\u00f6glich. Unterschreiben Sie bitte auch die Zeugniskopie. Ihre Kinder erhalten im Tausch dann das Original ausgeh\u00e4ndigt.<\/p>\n<p>&nbsp;<\/p>\n<p>Sehr geehrte Eltern, liebe Sch\u00fclerinnen und Sch\u00fcler,<br \/>\nseit Beginn der Pandemie im M\u00e4rz 2020 hat sich innerhalb der nfg niemand mit dem Coronavirus infiziert. Das spricht f\u00fcr unseren Hygieneplan, den wir auch weiterhin umsetzen werden.<\/p>\n<p>Die letzten Monate waren f\u00fcr Eltern, Sch\u00fcler*innen und Lehrer*innen extrem schwierig. Wir sind sehr froh, mit dem Wechselunterricht langsam wieder zur Normalit\u00e4t zur\u00fcckzukehren und hoffen, dass sich diese Entwicklung so fortsetzt. Es wird darum gehen, L\u00fccken zu schlie\u00dfen, Vers\u00e4umtes aufzuholen und dabei die Hygieneregel einzuhalten, um erneut Schulschlie\u00dfungen zu vermeiden. Sehr viel wird davon abh\u00e4ngen, in welchem Umfang und welcher Intensit\u00e4t Ihre Kinder die Unterrichtsangebote der Lehrkr\u00e4fte nutzen. Bitte bereiten Sie Ihre Kinder darauf vor, die verbleibende Zeit motiviert zu nutzen, um die eigenen L\u00fccken zu schlie\u00dfen.<\/p>\n<p>In diesem Sinne hoffe ich, m\u00f6glichst viele Sch\u00fclerinnen und Sch\u00fcler im Wechselunterricht begr\u00fc\u00dfen zu d\u00fcrfen und verbleibe mit freundlichen Gr\u00fc\u00dfen<br \/>\nHeiko B\u00f6hnke, Schulleiter<\/p>\n","protected":false},"excerpt":{"rendered":"<p>Sehr geehrte Eltern, seit dem 22. Februar 2021 besuchen die Jahrg\u00e4nge 5 und 6 sowie die Abschlussklassen wieder t\u00e4glich die Schule. Diesen Unterricht f\u00fchren wir fort. Ab 15.03.2021 besteht f\u00fcr diese Sch\u00fclerinnen und Sch\u00fcler allerdings &hellip; <a href=\"https:\/\/nfg24.de\/w_press\/2021\/03\/10\/praesenz-und-wechselunterricht-ab-15-maerz\/\">Weiterlesen<\/a><\/p>\n","protected":false},"author":1,"featured_media":1351,"comment_status":"closed","ping_status":"closed","sticky":false,"template":"","format":"standard","meta":{"footnotes":""},"categories":[1],"tags":[],"class_list":["post-4151","post","type-post","status-publish","format-standard","has-post-thumbnail","hentry","category-news"],"_links":{"self":[{"href":"https:\/\/nfg24.de\/w_press\/wp-json\/wp\/v2\/posts\/4151","targetHints":{"allow":["GET"]}}],"collection":[{"href":"https:\/\/nfg24.de\/w_press\/wp-json\/wp\/v2\/posts"}],"about":[{"href":"https:\/\/nfg24.de\/w_press\/wp-json\/wp\/v2\/types\/post"}],"author":[{"embeddable":true,"href":"https:\/\/nfg24.de\/w_press\/wp-json\/wp\/v2\/users\/1"}],"replies":[{"embeddable":true,"href":"https:\/\/nfg24.de\/w_press\/wp-json\/wp\/v2\/comments?post=4151"}],"version-history":[{"count":3,"href":"https:\/\/nfg24.de\/w_press\/wp-json\/wp\/v2\/posts\/4151\/revisions"}],"predecessor-version":[{"id":4164,"href":"https:\/\/nfg24.de\/w_press\/wp-json\/wp\/v2\/posts\/4151\/revisions\/4164"}],"wp:featuredmedia":[{"embeddable":true,"href":"https:\/\/nfg24.de\/w_press\/wp-json\/wp\/v2\/media\/1351"}],"wp:attachment":[{"href":"https:\/\/nfg24.de\/w_press\/wp-json\/wp\/v2\/media?parent=4151"}],"wp:term":[{"taxonomy":"category","embeddable":true,"href":"https:\/\/nfg24.de\/w_press\/wp-json\/wp\/v2\/categories?post=4151"},{"taxonomy":"post_tag","embeddable":true,"href":"https:\/\/nfg24.de\/w_press\/wp-json\/wp\/v2\/tags?post=4151"}],"curies":[{"name":"wp","href":"https:\/\/api.w.org\/{rel}","templated":true}]}}