{"id":4143,"date":"2021-03-04T17:55:05","date_gmt":"2021-03-04T16:55:05","guid":{"rendered":"http:\/\/nfg24.de\/w_press\/?p=4143"},"modified":"2021-03-25T20:41:12","modified_gmt":"2021-03-25T19:41:12","slug":"kein-schulstart-ab-08-03-fuer-die-klassen-7-bis-9-10g-und-11","status":"publish","type":"post","link":"https:\/\/nfg24.de\/w_press\/2021\/03\/04\/kein-schulstart-ab-08-03-fuer-die-klassen-7-bis-9-10g-und-11\/","title":{"rendered":"Kein Schulstart ab 08.03. f\u00fcr die Klassen 7 bis 9, 10G und 11"},"content":{"rendered":"<p>Sehr geehrte Eltern,<br \/>\nsp\u00e4testens durch den Zeitungsartikel im Nordkurier vom 04.03.2021 sind Eltern verst\u00e4ndlicherweise verunsichert, was den<!--more--> Unterrichtsstart am 08.03.2021 anbelangt. Wir haben am 26.02.2021 wie andere Schulen auch einen Antrag auf Wechselunterricht f\u00fcr die Klassen 7, 8, 9, 10G und 11 gestellt. Im Gegensatz zu anderen Schulen haben wir mit einer Elterninformation gewartet, bis \u00fcber den Antrag entschieden wurde. Am 04.03.2021 wurde er abgelehnt. Wann wir nun mit dem Wechselunterricht beginnen d\u00fcrfen, ist nicht bekannt. Die Information dar\u00fcber erhalten Sie ganz sicher mindestens 3 Schultage vor dem Start.<br \/>\nWir sehnen diesen Tag genauso herbei wie Sie, sind aber von einer Genehmigung des Gesundheitsamtes abh\u00e4ngig.<\/p>\n<p>Herzliche Gr\u00fc\u00dfe<br \/>\nHeiko B\u00f6hnke, Schulleiter<\/p>\n","protected":false},"excerpt":{"rendered":"<p>Sehr geehrte Eltern, sp\u00e4testens durch den Zeitungsartikel im Nordkurier vom 04.03.2021 sind Eltern verst\u00e4ndlicherweise verunsichert, was den<\/p>\n","protected":false},"author":1,"featured_media":1351,"comment_status":"closed","ping_status":"closed","sticky":false,"template":"","format":"standard","meta":{"footnotes":""},"categories":[1],"tags":[],"class_list":["post-4143","post","type-post","status-publish","format-standard","has-post-thumbnail","hentry","category-news"],"_links":{"self":[{"href":"https:\/\/nfg24.de\/w_press\/wp-json\/wp\/v2\/posts\/4143","targetHints":{"allow":["GET"]}}],"collection":[{"href":"https:\/\/nfg24.de\/w_press\/wp-json\/wp\/v2\/posts"}],"about":[{"href":"https:\/\/nfg24.de\/w_press\/wp-json\/wp\/v2\/types\/post"}],"author":[{"embeddable":true,"href":"https:\/\/nfg24.de\/w_press\/wp-json\/wp\/v2\/users\/1"}],"replies":[{"embeddable":true,"href":"https:\/\/nfg24.de\/w_press\/wp-json\/wp\/v2\/comments?post=4143"}],"version-history":[{"count":3,"href":"https:\/\/nfg24.de\/w_press\/wp-json\/wp\/v2\/posts\/4143\/revisions"}],"predecessor-version":[{"id":4161,"href":"https:\/\/nfg24.de\/w_press\/wp-json\/wp\/v2\/posts\/4143\/revisions\/4161"}],"wp:featuredmedia":[{"embeddable":true,"href":"https:\/\/nfg24.de\/w_press\/wp-json\/wp\/v2\/media\/1351"}],"wp:attachment":[{"href":"https:\/\/nfg24.de\/w_press\/wp-json\/wp\/v2\/media?parent=4143"}],"wp:term":[{"taxonomy":"category","embeddable":true,"href":"https:\/\/nfg24.de\/w_press\/wp-json\/wp\/v2\/categories?post=4143"},{"taxonomy":"post_tag","embeddable":true,"href":"https:\/\/nfg24.de\/w_press\/wp-json\/wp\/v2\/tags?post=4143"}],"curies":[{"name":"wp","href":"https:\/\/api.w.org\/{rel}","templated":true}]}}