{"id":3782,"date":"2021-01-05T18:29:02","date_gmt":"2021-01-05T17:29:02","guid":{"rendered":"http:\/\/nfg24.de\/w_press\/?p=3782"},"modified":"2021-01-07T22:30:04","modified_gmt":"2021-01-07T21:30:04","slug":"neujahrsgruesse-und-information-zum-schulstart-nach-den-weihnachtsferien","status":"publish","type":"post","link":"https:\/\/nfg24.de\/w_press\/2021\/01\/05\/neujahrsgruesse-und-information-zum-schulstart-nach-den-weihnachtsferien\/","title":{"rendered":"Neujahrsgr\u00fc\u00dfe und Information zum Schulstart nach den Weihnachtsferien"},"content":{"rendered":"<p>Sehr geehrte Eltern, liebe Sch\u00fclerinnen und Sch\u00fcler,<br \/>\nim Namen aller Mitarbeiterinnen und Mitarbeiter der Schule w\u00fcnsche ich Ihnen und euch zun\u00e4chst ein gesundes Jahr 2021.<\/p>\n<p>Leider beginnt es so, wie das alte Jahr endete &#8211; mit Distanzunterricht <!--more-->und Planung von Woche zu Woche. Auch f\u00fcr die Sch\u00fclerinnen und Sch\u00fcler der 5. und 6. Klasse lautet jetzt die Empfehlung, die Kinder zu Hause zu lassen. Eine Notbetreuung f\u00fcr diese Jahrg\u00e4nge bieten wir jedoch an und bitten f\u00fcr die Zeit ab 11.Januar 2021 um rechtzeitige Anmeldung per E-Mail an die Schule, wenn Ihr Kind betreut werden muss.<\/p>\n<p>Es ist davon auszugehen, dass wir wenigstens die Abschlussklassen 10R und 12 in naher Zukunft wieder in der Schule begr\u00fc\u00dfen d\u00fcrfen. F\u00fcr alle anderen Sch\u00fclerinnen und Sch\u00fcler kann dazu noch keine Aussage gemacht werden.<br \/>\nUmso dringlicher ist es, euch selbst zu organisieren, die gestellten Aufgaben aus der Cloud in eigener Verantwortung zu l\u00f6sen und das Kommunikationsangebot \u00fcber Sdui zu nutzen. Auch wenn wir uns im Moment nicht sehen k\u00f6nnen, sind weiterhin f\u00fcr euch da.<br \/>\nF\u00fcr die weiteren Informationen zum Ablauf an der Schule werden wir weiterhin die Homepage und vor allem Sdui nutzen.<\/p>\n<p>Herzliche Gr\u00fc\u00dfe<br \/>\nHeiko B\u00f6hnke, Schulleiter<\/p>\n","protected":false},"excerpt":{"rendered":"<p>Sehr geehrte Eltern, liebe Sch\u00fclerinnen und Sch\u00fcler, im Namen aller Mitarbeiterinnen und Mitarbeiter der Schule w\u00fcnsche ich Ihnen und euch zun\u00e4chst ein gesundes Jahr 2021. Leider beginnt es so, wie das alte Jahr endete &#8211; &hellip; <a href=\"https:\/\/nfg24.de\/w_press\/2021\/01\/05\/neujahrsgruesse-und-information-zum-schulstart-nach-den-weihnachtsferien\/\">Weiterlesen<\/a><\/p>\n","protected":false},"author":1,"featured_media":1351,"comment_status":"closed","ping_status":"closed","sticky":false,"template":"","format":"standard","meta":{"footnotes":""},"categories":[1],"tags":[],"class_list":["post-3782","post","type-post","status-publish","format-standard","has-post-thumbnail","hentry","category-news"],"_links":{"self":[{"href":"https:\/\/nfg24.de\/w_press\/wp-json\/wp\/v2\/posts\/3782","targetHints":{"allow":["GET"]}}],"collection":[{"href":"https:\/\/nfg24.de\/w_press\/wp-json\/wp\/v2\/posts"}],"about":[{"href":"https:\/\/nfg24.de\/w_press\/wp-json\/wp\/v2\/types\/post"}],"author":[{"embeddable":true,"href":"https:\/\/nfg24.de\/w_press\/wp-json\/wp\/v2\/users\/1"}],"replies":[{"embeddable":true,"href":"https:\/\/nfg24.de\/w_press\/wp-json\/wp\/v2\/comments?post=3782"}],"version-history":[{"count":2,"href":"https:\/\/nfg24.de\/w_press\/wp-json\/wp\/v2\/posts\/3782\/revisions"}],"predecessor-version":[{"id":3840,"href":"https:\/\/nfg24.de\/w_press\/wp-json\/wp\/v2\/posts\/3782\/revisions\/3840"}],"wp:featuredmedia":[{"embeddable":true,"href":"https:\/\/nfg24.de\/w_press\/wp-json\/wp\/v2\/media\/1351"}],"wp:attachment":[{"href":"https:\/\/nfg24.de\/w_press\/wp-json\/wp\/v2\/media?parent=3782"}],"wp:term":[{"taxonomy":"category","embeddable":true,"href":"https:\/\/nfg24.de\/w_press\/wp-json\/wp\/v2\/categories?post=3782"},{"taxonomy":"post_tag","embeddable":true,"href":"https:\/\/nfg24.de\/w_press\/wp-json\/wp\/v2\/tags?post=3782"}],"curies":[{"name":"wp","href":"https:\/\/api.w.org\/{rel}","templated":true}]}}