{"id":3656,"date":"2020-10-03T14:00:35","date_gmt":"2020-10-03T12:00:35","guid":{"rendered":"http:\/\/nfg24.de\/w_press\/?p=3656"},"modified":"2020-10-29T11:02:53","modified_gmt":"2020-10-29T10:02:53","slug":"hinweise-fuer-den-schulstart-nach-den-herbstferien","status":"publish","type":"post","link":"https:\/\/nfg24.de\/w_press\/2020\/10\/03\/hinweise-fuer-den-schulstart-nach-den-herbstferien\/","title":{"rendered":"Hinweise f\u00fcr den Schulstart nach den Herbstferien"},"content":{"rendered":"<p>Sehr geehrte Eltern, liebe Sch\u00fclerinnen und Sch\u00fcler,<br \/>\nin der aktuellen Corona-Pandemie ist der Schutz der eigenen und der Gesundheit der Mitmenschen ein wichtiges Ziel von Schule. Damit uns dies auch nach den Herbstferien weiterhin<!--more--> gut gelingen kann, sind wir auf Ihre und eure Mithilfe angewiesen. Das Bildungsministerium hat hierf\u00fcr verf\u00fcgt, dass am ersten Schultag nach den Herbstferien, dem 12. Oktober 2020, jede Sch\u00fclerin und jeder Sch\u00fcler eine Gesundheitsbest\u00e4tigung mitzubringen hat, die Auskunft dar\u00fcber erteilt, ob sich der jeweilige Sch\u00fcler bzw. die jeweilige Sch\u00fclerin in den letzten 14 Tagen in einem Corona-Risikogebiet aufgehalten hat. Bitte \u00fcberpr\u00fcfen Sie rechtzeitig, ob dies auf Ihr Kind zutrifft. F\u00fcr den Fall, dass ein Aufenthalt in einem Corona-Risikogebiet in Deutschland oder im Ausland stattgefunden hat, sind die aktuell g\u00fcltigen Quarant\u00e4nevorschriften zu beachten. Aktuelle Informationen zu Risikogebieten finden Sie unter anderem auf der <a href=\"https:\/\/www.rki.de\/covid-19-risikogebiete\">Website des Robert-Koch-Instituts<\/a>.<br \/>\nWir hoffen, alle unsere Sch\u00fclerinnen und Sch\u00fcler gesund wieder begr\u00fc\u00dfen zu k\u00f6nnen und w\u00fcnschen Ihnen und euch erholsame Herbstferien.<\/p>\n<p>Herzliche Gr\u00fc\u00dfe<br \/>\nHeiko B\u00f6hnke, Schulleiter<\/p>\n","protected":false},"excerpt":{"rendered":"<p>Sehr geehrte Eltern, liebe Sch\u00fclerinnen und Sch\u00fcler, in der aktuellen Corona-Pandemie ist der Schutz der eigenen und der Gesundheit der Mitmenschen ein wichtiges Ziel von Schule. Damit uns dies auch nach den Herbstferien weiterhin<\/p>\n","protected":false},"author":1,"featured_media":1351,"comment_status":"closed","ping_status":"closed","sticky":false,"template":"","format":"standard","meta":{"footnotes":""},"categories":[1],"tags":[],"class_list":["post-3656","post","type-post","status-publish","format-standard","has-post-thumbnail","hentry","category-news"],"_links":{"self":[{"href":"https:\/\/nfg24.de\/w_press\/wp-json\/wp\/v2\/posts\/3656","targetHints":{"allow":["GET"]}}],"collection":[{"href":"https:\/\/nfg24.de\/w_press\/wp-json\/wp\/v2\/posts"}],"about":[{"href":"https:\/\/nfg24.de\/w_press\/wp-json\/wp\/v2\/types\/post"}],"author":[{"embeddable":true,"href":"https:\/\/nfg24.de\/w_press\/wp-json\/wp\/v2\/users\/1"}],"replies":[{"embeddable":true,"href":"https:\/\/nfg24.de\/w_press\/wp-json\/wp\/v2\/comments?post=3656"}],"version-history":[{"count":3,"href":"https:\/\/nfg24.de\/w_press\/wp-json\/wp\/v2\/posts\/3656\/revisions"}],"predecessor-version":[{"id":3697,"href":"https:\/\/nfg24.de\/w_press\/wp-json\/wp\/v2\/posts\/3656\/revisions\/3697"}],"wp:featuredmedia":[{"embeddable":true,"href":"https:\/\/nfg24.de\/w_press\/wp-json\/wp\/v2\/media\/1351"}],"wp:attachment":[{"href":"https:\/\/nfg24.de\/w_press\/wp-json\/wp\/v2\/media?parent=3656"}],"wp:term":[{"taxonomy":"category","embeddable":true,"href":"https:\/\/nfg24.de\/w_press\/wp-json\/wp\/v2\/categories?post=3656"},{"taxonomy":"post_tag","embeddable":true,"href":"https:\/\/nfg24.de\/w_press\/wp-json\/wp\/v2\/tags?post=3656"}],"curies":[{"name":"wp","href":"https:\/\/api.w.org\/{rel}","templated":true}]}}