{"id":3651,"date":"2020-09-25T14:08:54","date_gmt":"2020-09-25T12:08:54","guid":{"rendered":"http:\/\/nfg24.de\/w_press\/?p=3651"},"modified":"2020-09-25T14:08:54","modified_gmt":"2020-09-25T12:08:54","slug":"aktionstag-1000-km-fuer-die-gesundheit","status":"publish","type":"post","link":"https:\/\/nfg24.de\/w_press\/2020\/09\/25\/aktionstag-1000-km-fuer-die-gesundheit\/","title":{"rendered":"Aktionstag &#8222;1000 km f\u00fcr die Gesundheit&#8220;"},"content":{"rendered":"<p align=\"left\">Die Sch\u00fclerinnen und Sch\u00fcler der neuen friedl\u00e4nder gesamtschule folgen dem Aufruf der Deutschen Schulsportstiftung und f\u00fchren am Mittwoch, dem 30. September 2020, die sportliche Aktion &#8222;1000 km f\u00fcr die Gesundheit&#8220; durch. Damit beteiligen wir uns am deutschlandweiten Aktionstag unter dem Motto \u201eJugend trainiert\u201c \u2013 gemeinsam bewegen, um ein Zeichen f\u00fcr den Schulsport auch in Zeiten von Corona-Einschr\u00e4nkungen zu setzen.<!--more--><\/p>\n<p align=\"left\">Alle anwesenden Klassen werden am Vormittag auf dem Schulgel\u00e4nde walken und zusammen versuchen, 1000 km zu gehen\/wandern. Alle teilnehmenden Jungen und M\u00e4dchen erhalten eine Urkunde. Das gemeinsame sportliche Erlebnis steht im Vordergrund, wir m\u00f6chten dennoch die Klasse, welche die l\u00e4ngste Strecke pro Teilnehmer\/Teilnehmerin erwandert, mit einem Preis ehren.<\/p>\n<p align=\"left\"><img loading=\"lazy\" decoding=\"async\" class=\"size-full wp-image-3652 aligncenter\" src=\"http:\/\/nfg24.de\/w_press\/wp-content\/uploads\/2020\/09\/Bildschirmfoto-2020-09-07-um-10.38.56.png\" alt=\"\" width=\"1124\" height=\"197\" \/><\/p>\n<div id=\"attachment_3653\" style=\"width: 742px\" class=\"wp-caption aligncenter\"><img loading=\"lazy\" decoding=\"async\" aria-describedby=\"caption-attachment-3653\" class=\"wp-image-3653 size-full\" src=\"http:\/\/nfg24.de\/w_press\/wp-content\/uploads\/2020\/09\/Bildschirmfoto-2020-09-05-um-15.24.09.png\" alt=\"\" width=\"732\" height=\"583\" srcset=\"https:\/\/nfg24.de\/w_press\/wp-content\/uploads\/2020\/09\/Bildschirmfoto-2020-09-05-um-15.24.09.png 732w, https:\/\/nfg24.de\/w_press\/wp-content\/uploads\/2020\/09\/Bildschirmfoto-2020-09-05-um-15.24.09-377x300.png 377w\" sizes=\"auto, (max-width: 732px) 100vw, 732px\" \/><p id=\"caption-attachment-3653\" class=\"wp-caption-text\">Streckenf\u00fchrung<\/p><\/div>\n","protected":false},"excerpt":{"rendered":"<p>Die Sch\u00fclerinnen und Sch\u00fcler der neuen friedl\u00e4nder gesamtschule folgen dem Aufruf der Deutschen Schulsportstiftung und f\u00fchren am Mittwoch, dem 30. September 2020, die sportliche Aktion &#8222;1000 km f\u00fcr die Gesundheit&#8220; durch. Damit beteiligen wir uns &hellip; <a href=\"https:\/\/nfg24.de\/w_press\/2020\/09\/25\/aktionstag-1000-km-fuer-die-gesundheit\/\">Weiterlesen<\/a><\/p>\n","protected":false},"author":1,"featured_media":3654,"comment_status":"closed","ping_status":"closed","sticky":false,"template":"","format":"standard","meta":{"footnotes":""},"categories":[1],"tags":[],"class_list":["post-3651","post","type-post","status-publish","format-standard","has-post-thumbnail","hentry","category-news"],"_links":{"self":[{"href":"https:\/\/nfg24.de\/w_press\/wp-json\/wp\/v2\/posts\/3651","targetHints":{"allow":["GET"]}}],"collection":[{"href":"https:\/\/nfg24.de\/w_press\/wp-json\/wp\/v2\/posts"}],"about":[{"href":"https:\/\/nfg24.de\/w_press\/wp-json\/wp\/v2\/types\/post"}],"author":[{"embeddable":true,"href":"https:\/\/nfg24.de\/w_press\/wp-json\/wp\/v2\/users\/1"}],"replies":[{"embeddable":true,"href":"https:\/\/nfg24.de\/w_press\/wp-json\/wp\/v2\/comments?post=3651"}],"version-history":[{"count":1,"href":"https:\/\/nfg24.de\/w_press\/wp-json\/wp\/v2\/posts\/3651\/revisions"}],"predecessor-version":[{"id":3655,"href":"https:\/\/nfg24.de\/w_press\/wp-json\/wp\/v2\/posts\/3651\/revisions\/3655"}],"wp:featuredmedia":[{"embeddable":true,"href":"https:\/\/nfg24.de\/w_press\/wp-json\/wp\/v2\/media\/3654"}],"wp:attachment":[{"href":"https:\/\/nfg24.de\/w_press\/wp-json\/wp\/v2\/media?parent=3651"}],"wp:term":[{"taxonomy":"category","embeddable":true,"href":"https:\/\/nfg24.de\/w_press\/wp-json\/wp\/v2\/categories?post=3651"},{"taxonomy":"post_tag","embeddable":true,"href":"https:\/\/nfg24.de\/w_press\/wp-json\/wp\/v2\/tags?post=3651"}],"curies":[{"name":"wp","href":"https:\/\/api.w.org\/{rel}","templated":true}]}}