{"id":3607,"date":"2020-08-21T17:02:08","date_gmt":"2020-08-21T15:02:08","guid":{"rendered":"http:\/\/nfg24.de\/w_press\/?p=3607"},"modified":"2020-08-21T17:02:08","modified_gmt":"2020-08-21T15:02:08","slug":"angekommen-an-der-nfg","status":"publish","type":"post","link":"https:\/\/nfg24.de\/w_press\/2020\/08\/21\/angekommen-an-der-nfg\/","title":{"rendered":"Angekommen an der nfg"},"content":{"rendered":"<p>Die ersten Wochen des neuen Schuljahres sind geschafft und vor allem unsere f\u00fcnften Klassen blicken zur\u00fcck auf ein paar spannende Tage, die ihnen das Ankommen in der neuen Schule erleichtern sollten. In ihrer ersten Woche konnten<!--more--> die Sch\u00fcler neben viel zu erledigendem Papierkram auch unsere Schule<br \/>\nund ihre neuen Klassenkameraden kennenlernen. Hierzu veranstalteten die Klassen ein gesundes Fr\u00fchst\u00fcck, das sie selber organisierten. Auch eine Ralley durch das Schulhaus und durch Friedland standen auf dem Plan. Doch neben viel Spa\u00df, konnten die Sch\u00fclerinnen und Sch\u00fcler auch ihr bereits erlerntes Wissen in den F\u00e4chern Mathe, Deutsch und Englisch erproben, indem sie an einem Eingangstest teilnahmen, den alle gut gemeistert haben.<br \/>\nWir freuen uns \u00fcber unsere neuen Mitsch\u00fcler und auf eine tolle gemeinsame Schulzeit an der nfg.<\/p>\n<div id=\"metaslider-id-3609\" style=\"max-width: 900px; margin: 0 auto;\" class=\"ml-slider-3-108-0 metaslider metaslider-flex metaslider-3609 ml-slider has-dots-nav ms-theme-default\" role=\"region\" aria-label=\"Klasse 5 SJ20-21\" data-height=\"600\" data-width=\"900\">\n    <div id=\"metaslider_container_3609\">\n        <div id=\"metaslider_3609\" class=\"flexslider\">\n            <ul class='slides'>\n                <li style=\"display: block; width: 100%;\" class=\"slide-3614 ms-image \" aria-roledescription=\"slide\" data-date=\"2020-08-21 16:58:58\" data-filename=\"E8A9448D-42D1-40D8-8240-19D32CB995F0-900x600.jpeg\" data-slide-type=\"image\"><img loading=\"lazy\" decoding=\"async\" src=\"https:\/\/nfg24.de\/w_press\/wp-content\/uploads\/2020\/08\/E8A9448D-42D1-40D8-8240-19D32CB995F0-900x600.jpeg\" height=\"600\" width=\"900\" alt=\"\" class=\"slider-3609 slide-3614 msDefaultImage\" title=\"E8A9448D-42D1-40D8-8240-19D32CB995F0\" \/><\/li>\n                <li style=\"display: none; width: 100%;\" class=\"slide-3615 ms-image \" aria-roledescription=\"slide\" data-date=\"2020-08-21 16:58:58\" data-filename=\"28A60385-C348-4A8B-A654-82744BB8B197-900x600.jpeg\" data-slide-type=\"image\"><img loading=\"lazy\" decoding=\"async\" src=\"https:\/\/nfg24.de\/w_press\/wp-content\/uploads\/2020\/08\/28A60385-C348-4A8B-A654-82744BB8B197-900x600.jpeg\" height=\"600\" width=\"900\" alt=\"\" class=\"slider-3609 slide-3615 msDefaultImage\" title=\"28A60385-C348-4A8B-A654-82744BB8B197\" \/><\/li>\n                <li style=\"display: none; width: 100%;\" class=\"slide-3616 ms-image \" aria-roledescription=\"slide\" data-date=\"2020-08-21 16:58:58\" data-filename=\"67546639-E1F2-4207-AE6A-59ACFC79D5C4-900x600.jpeg\" data-slide-type=\"image\"><img loading=\"lazy\" decoding=\"async\" src=\"https:\/\/nfg24.de\/w_press\/wp-content\/uploads\/2020\/08\/67546639-E1F2-4207-AE6A-59ACFC79D5C4-900x600.jpeg\" height=\"600\" width=\"900\" alt=\"\" class=\"slider-3609 slide-3616 msDefaultImage\" title=\"67546639-E1F2-4207-AE6A-59ACFC79D5C4\" \/><\/li>\n                <li style=\"display: none; width: 100%;\" class=\"slide-3617 ms-image \" aria-roledescription=\"slide\" data-date=\"2020-08-21 16:58:58\" data-filename=\"E76767DD-CD9E-4CEF-A313-CA32E0B2D418-900x600.jpeg\" data-slide-type=\"image\"><img loading=\"lazy\" decoding=\"async\" src=\"https:\/\/nfg24.de\/w_press\/wp-content\/uploads\/2020\/08\/E76767DD-CD9E-4CEF-A313-CA32E0B2D418-900x600.jpeg\" height=\"600\" width=\"900\" alt=\"\" class=\"slider-3609 slide-3617 msDefaultImage\" title=\"E76767DD-CD9E-4CEF-A313-CA32E0B2D418\" \/><\/li>\n            <\/ul>\n        <\/div>\n        \n    <\/div>\n<\/div>\n","protected":false},"excerpt":{"rendered":"<p>Die ersten Wochen des neuen Schuljahres sind geschafft und vor allem unsere f\u00fcnften Klassen blicken zur\u00fcck auf ein paar spannende Tage, die ihnen das Ankommen in der neuen Schule erleichtern sollten. In ihrer ersten Woche &hellip; <a href=\"https:\/\/nfg24.de\/w_press\/2020\/08\/21\/angekommen-an-der-nfg\/\">Weiterlesen<\/a><\/p>\n","protected":false},"author":1,"featured_media":3613,"comment_status":"closed","ping_status":"closed","sticky":false,"template":"","format":"standard","meta":{"footnotes":""},"categories":[1],"tags":[],"class_list":["post-3607","post","type-post","status-publish","format-standard","has-post-thumbnail","hentry","category-news"],"_links":{"self":[{"href":"https:\/\/nfg24.de\/w_press\/wp-json\/wp\/v2\/posts\/3607","targetHints":{"allow":["GET"]}}],"collection":[{"href":"https:\/\/nfg24.de\/w_press\/wp-json\/wp\/v2\/posts"}],"about":[{"href":"https:\/\/nfg24.de\/w_press\/wp-json\/wp\/v2\/types\/post"}],"author":[{"embeddable":true,"href":"https:\/\/nfg24.de\/w_press\/wp-json\/wp\/v2\/users\/1"}],"replies":[{"embeddable":true,"href":"https:\/\/nfg24.de\/w_press\/wp-json\/wp\/v2\/comments?post=3607"}],"version-history":[{"count":2,"href":"https:\/\/nfg24.de\/w_press\/wp-json\/wp\/v2\/posts\/3607\/revisions"}],"predecessor-version":[{"id":3618,"href":"https:\/\/nfg24.de\/w_press\/wp-json\/wp\/v2\/posts\/3607\/revisions\/3618"}],"wp:featuredmedia":[{"embeddable":true,"href":"https:\/\/nfg24.de\/w_press\/wp-json\/wp\/v2\/media\/3613"}],"wp:attachment":[{"href":"https:\/\/nfg24.de\/w_press\/wp-json\/wp\/v2\/media?parent=3607"}],"wp:term":[{"taxonomy":"category","embeddable":true,"href":"https:\/\/nfg24.de\/w_press\/wp-json\/wp\/v2\/categories?post=3607"},{"taxonomy":"post_tag","embeddable":true,"href":"https:\/\/nfg24.de\/w_press\/wp-json\/wp\/v2\/tags?post=3607"}],"curies":[{"name":"wp","href":"https:\/\/api.w.org\/{rel}","templated":true}]}}