{"id":3574,"date":"2020-07-30T23:51:02","date_gmt":"2020-07-30T21:51:02","guid":{"rendered":"http:\/\/nfg24.de\/w_press\/?p=3574"},"modified":"2020-07-31T17:44:50","modified_gmt":"2020-07-31T15:44:50","slug":"information-zum-start-ins-neue-schuljahr","status":"publish","type":"post","link":"https:\/\/nfg24.de\/w_press\/2020\/07\/30\/information-zum-start-ins-neue-schuljahr\/","title":{"rendered":"Information zum Start ins neue Schuljahr"},"content":{"rendered":"<p>Liebe Sch\u00fclerinnen und Sch\u00fcler, sehr geehrte Eltern,<br \/>\nunter Beachtung des neuen Hygieneplanes f\u00fcr Schulen in der Coronazeit m\u00f6chten wir \u00fcber folgende Neuerungen zu Beginn des anstehenden Schuljahres informieren:<\/p>\n<p><strong>1. Auf dem gesamten Schulgel\u00e4nde ist &#8211; mit Ausnahme der Klassenr\u00e4ume und der den einzelnen Klassengruppen zugewiesenen Aufenthaltsbereichen auf dem Schulhof &#8211; ab sofort ein Mund-Nasen-Schutz zu tragen. Dies bedeutet, dass alle Kinder sowohl an den Bushaltestellen als auch an den Fahrradst\u00e4ndern und beim Betreten des Schulvorplatzes eine Alltagsmaske aufsetzen m\u00fcssen. Ebenso ist die Maske auf allen Fluren, Treppen, Br\u00fccken, im Atrium sowie in den Sanit\u00e4rbereichen zu tragen.<\/strong><\/p>\n<p><strong>2. Als Mund-Nasen-Schutz gilt eine Alltagsmaske, die mit B\u00e4ndchen hinter den Ohren befestigt werden kann. Wir weisen darauf hin, dass Schals, T\u00fccher etc. nicht als ausreichender Mund-Nasen-Schutz z\u00e4hlen.<\/strong><\/p>\n<p><strong>3. Bei der R\u00fcckkehr aus einem vom <a href=\"https:\/\/www.rki.de\/DE\/Content\/InfAZ\/N\/Neuartiges_Coronavirus\/Risikogebiete_neu.html\">RKI<\/a> oder vom <a href=\"https:\/\/www.auswaertiges-amt.de\/de\/ReiseUndSicherheit\/reise-gesundheit\/gesundheit-fachinformationen\/reisemedizinische-hinweise\/Coronavirus\">Ausw\u00e4rtigen Amt<\/a> deklarierten Risikogebiet gelten f\u00fcr alle Sch\u00fclerinnen und Sch\u00fcler die g\u00fcltigen Quarant\u00e4nevorschriften. Die Schule sowie der\/die Klassenleiter\/in ist umgehend dar\u00fcber zu informieren, sollte sich ein Kind in vierzehnt\u00e4giger Quarant\u00e4ne befinden.<\/strong><\/p>\n<p>Diese Regelungen gelten ab sofort und werden allen Sch\u00fclerinnen und Sch\u00fclern am ersten Schultag nochmals umfassend erl\u00e4utert. Wir bitten au\u00dferdem darum, dass sich alle Kinder mit dem Betreten des Schulhauses am Montag auf den direkten Weg in ihre Klassenr\u00e4ume begeben, Aush\u00e4nge zu den einzelnen R\u00e4ume befinden sich im Atrium.<\/p>\n<p>Freundliche Gr\u00fc\u00dfe<br \/>\nHeiko B\u00f6hnke, Schulleiter<\/p>\n","protected":false},"excerpt":{"rendered":"<p>Liebe Sch\u00fclerinnen und Sch\u00fcler, sehr geehrte Eltern, unter Beachtung des neuen Hygieneplanes f\u00fcr Schulen in der Coronazeit m\u00f6chten wir \u00fcber folgende Neuerungen zu Beginn des anstehenden Schuljahres informieren: 1. Auf dem gesamten Schulgel\u00e4nde ist &#8211; &hellip; <a href=\"https:\/\/nfg24.de\/w_press\/2020\/07\/30\/information-zum-start-ins-neue-schuljahr\/\">Weiterlesen<\/a><\/p>\n","protected":false},"author":1,"featured_media":1348,"comment_status":"closed","ping_status":"closed","sticky":false,"template":"","format":"standard","meta":{"footnotes":""},"categories":[1],"tags":[],"class_list":["post-3574","post","type-post","status-publish","format-standard","has-post-thumbnail","hentry","category-news"],"_links":{"self":[{"href":"https:\/\/nfg24.de\/w_press\/wp-json\/wp\/v2\/posts\/3574","targetHints":{"allow":["GET"]}}],"collection":[{"href":"https:\/\/nfg24.de\/w_press\/wp-json\/wp\/v2\/posts"}],"about":[{"href":"https:\/\/nfg24.de\/w_press\/wp-json\/wp\/v2\/types\/post"}],"author":[{"embeddable":true,"href":"https:\/\/nfg24.de\/w_press\/wp-json\/wp\/v2\/users\/1"}],"replies":[{"embeddable":true,"href":"https:\/\/nfg24.de\/w_press\/wp-json\/wp\/v2\/comments?post=3574"}],"version-history":[{"count":8,"href":"https:\/\/nfg24.de\/w_press\/wp-json\/wp\/v2\/posts\/3574\/revisions"}],"predecessor-version":[{"id":3582,"href":"https:\/\/nfg24.de\/w_press\/wp-json\/wp\/v2\/posts\/3574\/revisions\/3582"}],"wp:featuredmedia":[{"embeddable":true,"href":"https:\/\/nfg24.de\/w_press\/wp-json\/wp\/v2\/media\/1348"}],"wp:attachment":[{"href":"https:\/\/nfg24.de\/w_press\/wp-json\/wp\/v2\/media?parent=3574"}],"wp:term":[{"taxonomy":"category","embeddable":true,"href":"https:\/\/nfg24.de\/w_press\/wp-json\/wp\/v2\/categories?post=3574"},{"taxonomy":"post_tag","embeddable":true,"href":"https:\/\/nfg24.de\/w_press\/wp-json\/wp\/v2\/tags?post=3574"}],"curies":[{"name":"wp","href":"https:\/\/api.w.org\/{rel}","templated":true}]}}