{"id":3522,"date":"2020-05-29T12:40:10","date_gmt":"2020-05-29T10:40:10","guid":{"rendered":"http:\/\/nfg24.de\/w_press\/?p=3522"},"modified":"2020-06-22T08:35:55","modified_gmt":"2020-06-22T06:35:55","slug":"praesenztage-aller-klassen-bis-schuljahresende","status":"publish","type":"post","link":"https:\/\/nfg24.de\/w_press\/2020\/05\/29\/praesenztage-aller-klassen-bis-schuljahresende\/","title":{"rendered":"Pr\u00e4senztage aller Klassen bis Schuljahresende"},"content":{"rendered":"<p>Sehr geehrte Eltern, liebe Sch\u00fclerinnen und Sch\u00fcler,<br \/>\nein sehr turbulentes zweites Schulhalbjahr geht nun langsam zu Ende. Um genauso erfolgreich wie bisher die letzten Schultage zu gestalten, findet ihr hier nun die \u00dcbersicht aller Pr\u00e4senztage der einzelnen Klassen von Mittwoch, 03. Juni bis Freitag,19. Juni 2020.<!--more--><\/p>\n<p>Bitte beachtet f\u00fcr den reibungslosen Ablauf noch folgende Hinweise:<br \/>\nAm <span style=\"color: #0000ff;\"><strong>vorletzten Pr\u00e4senztag<\/strong><\/span> werden von euren Klassenleitern bzw. Gruppenleitern die<span style=\"color: #0000ff;\"><strong> Leihexemplare<\/strong><\/span> wieder eingesammelt. Die Termine sind jeweils blau gekennzeichnet. Am <span style=\"color: #ff0000;\"><strong>letzten Pr\u00e4senztag<\/strong><\/span> erhaltet ihr in der f\u00fcnften, respektive sechsten Unterrichtsstunde von eurem Klassenleiter eure <span style=\"color: #ff0000;\"><strong>Zeugnisse bzw. Studienb\u00fccher<\/strong><\/span>; bringt daher auch eure Zeugnismappen mit. Damit ist dies f\u00fcr die jeweiligen Klassen auch der letzte Schultag in diesem Schuljahr. Die Termine sind jeweils rot gekennzeichnet.<\/p>\n<hr \/>\n<table>\n<tbody>\n<tr>\n<td width=\"102\"><strong>Pr\u00e4senztag<\/strong><\/td>\n<td width=\"47\"><strong>Mi, 03.06.<\/strong><\/td>\n<td width=\"47\"><strong>Do, 04.06.<\/strong><\/td>\n<td width=\"47\"><strong>Fr, 05.06.<\/strong><\/td>\n<\/tr>\n<tr>\n<td rowspan=\"3\" width=\"102\"><em><strong>anwesende Klassenstufe\/n<\/strong><\/em><\/td>\n<td width=\"47\">5<\/td>\n<td width=\"47\">6<\/td>\n<td width=\"47\">8R<\/td>\n<\/tr>\n<tr>\n<td width=\"47\">7G<\/td>\n<td width=\"47\">7R<\/td>\n<td width=\"47\">9G<\/td>\n<\/tr>\n<tr>\n<td width=\"47\">11<\/td>\n<td width=\"47\">8G<\/td>\n<td width=\"47\">10G<\/td>\n<\/tr>\n<\/tbody>\n<\/table>\n<hr \/>\n<table>\n<tbody>\n<tr>\n<td width=\"102\"><strong>Pr\u00e4senztag<\/strong><\/td>\n<td width=\"47\"><strong>Mo, 08.06.<\/strong><\/td>\n<td width=\"47\"><strong>Di, 09.06.<\/strong><\/td>\n<td width=\"47\"><strong>Mi, 10.06.<\/strong><\/td>\n<td width=\"47\"><strong>Do, 11.06.<\/strong><\/td>\n<td width=\"47\"><strong>Fr, 12.06.<\/strong><\/td>\n<\/tr>\n<tr>\n<td rowspan=\"3\" width=\"102\"><em><strong>anwesende Klassenstufe\/n<\/strong><\/em><\/td>\n<td width=\"47\">5<\/td>\n<td width=\"47\">6<\/td>\n<td width=\"47\">8G<\/td>\n<td width=\"47\"><span style=\"color: #0000ff;\"><strong>8R<\/strong><\/span><\/td>\n<td width=\"47\"><span style=\"color: #0000ff;\"><strong>5<\/strong><\/span><\/td>\n<\/tr>\n<tr>\n<td width=\"47\">9R<\/td>\n<td width=\"47\">7R<\/td>\n<td width=\"47\">9G<\/td>\n<td width=\"47\">10G<\/td>\n<td width=\"47\"><span style=\"color: #0000ff;\"><strong>7G<\/strong><\/span><\/td>\n<\/tr>\n<tr>\n<td width=\"47\">11<\/td>\n<td width=\"47\">10G<\/td>\n<td width=\"47\">11<\/td>\n<td width=\"47\"><\/td>\n<td width=\"47\"><\/td>\n<\/tr>\n<\/tbody>\n<\/table>\n<hr \/>\n<table>\n<tbody>\n<tr>\n<td width=\"102\"><strong>Pr\u00e4senztag<\/strong><\/td>\n<td width=\"48\"><strong>Mo, 15.06.<\/strong><\/td>\n<td width=\"48\"><strong>Di, 16.06.<\/strong><\/td>\n<td width=\"48\"><strong>Mi, 17.06.<\/strong><\/td>\n<td width=\"48\"><strong>Do, 18.06.<\/strong><\/td>\n<td width=\"48\"><strong>Fr, 19.06.<\/strong><\/td>\n<\/tr>\n<tr>\n<td rowspan=\"4\" width=\"102\"><em><strong>anwesende Klassenstufe\/n<\/strong><\/em><\/td>\n<td width=\"48\"><span style=\"color: #0000ff;\"><strong>6<\/strong><\/span><\/td>\n<td width=\"48\"><span style=\"color: #0000ff;\"><strong>8G<\/strong><\/span><\/td>\n<td width=\"48\"><span style=\"color: #ff0000;\"><strong>5<\/strong><\/span><\/td>\n<td width=\"48\"><span style=\"color: #ff0000;\"><strong>6<\/strong><\/span><\/td>\n<td width=\"48\"><span style=\"color: #ff0000;\"><strong>8G<\/strong><\/span><\/td>\n<\/tr>\n<tr>\n<td width=\"48\"><span style=\"color: #0000ff;\"><strong>7R<\/strong><\/span><\/td>\n<td width=\"48\"><span style=\"color: #0000ff;\"><strong>9G<\/strong><\/span><\/td>\n<td width=\"48\"><span style=\"color: #ff0000;\"><strong>7R<\/strong><\/span><\/td>\n<td width=\"48\"><span style=\"color: #ff0000;\"><strong>7G<\/strong><\/span><\/td>\n<td width=\"48\"><span style=\"color: #ff0000;\"><strong>9R<\/strong><\/span><\/td>\n<\/tr>\n<tr>\n<td width=\"48\"><span style=\"color: #0000ff;\"><strong>9R<\/strong><\/span><\/td>\n<td width=\"48\"><span style=\"color: #0000ff;\"><strong>10G<\/strong><\/span><\/td>\n<td width=\"48\"><span style=\"color: #ff0000;\"><strong>8R<\/strong><\/span><\/td>\n<td width=\"48\"><span style=\"color: #ff0000;\"><strong>10G<\/strong><\/span><\/td>\n<td width=\"48\"><span style=\"color: #ff0000;\"><strong>9G<\/strong><\/span><\/td>\n<\/tr>\n<tr>\n<td width=\"48\"><strong>\u00a0<\/strong><\/td>\n<td width=\"48\"><span style=\"color: #0000ff;\"><strong>11<\/strong><\/span><\/td>\n<td width=\"48\"><strong>\u00a0<\/strong><\/td>\n<td width=\"48\"><strong>\u00a0<\/strong><\/td>\n<td width=\"48\"><span style=\"color: #ff0000;\"><strong>11<\/strong><\/span><\/td>\n<\/tr>\n<\/tbody>\n<\/table>\n<p>&nbsp;<\/p>\n","protected":false},"excerpt":{"rendered":"<p>Sehr geehrte Eltern, liebe Sch\u00fclerinnen und Sch\u00fcler, ein sehr turbulentes zweites Schulhalbjahr geht nun langsam zu Ende. Um genauso erfolgreich wie bisher die letzten Schultage zu gestalten, findet ihr hier nun die \u00dcbersicht aller Pr\u00e4senztage &hellip; <a href=\"https:\/\/nfg24.de\/w_press\/2020\/05\/29\/praesenztage-aller-klassen-bis-schuljahresende\/\">Weiterlesen<\/a><\/p>\n","protected":false},"author":1,"featured_media":1351,"comment_status":"closed","ping_status":"closed","sticky":false,"template":"","format":"standard","meta":{"footnotes":""},"categories":[1],"tags":[],"class_list":["post-3522","post","type-post","status-publish","format-standard","has-post-thumbnail","hentry","category-news"],"_links":{"self":[{"href":"https:\/\/nfg24.de\/w_press\/wp-json\/wp\/v2\/posts\/3522","targetHints":{"allow":["GET"]}}],"collection":[{"href":"https:\/\/nfg24.de\/w_press\/wp-json\/wp\/v2\/posts"}],"about":[{"href":"https:\/\/nfg24.de\/w_press\/wp-json\/wp\/v2\/types\/post"}],"author":[{"embeddable":true,"href":"https:\/\/nfg24.de\/w_press\/wp-json\/wp\/v2\/users\/1"}],"replies":[{"embeddable":true,"href":"https:\/\/nfg24.de\/w_press\/wp-json\/wp\/v2\/comments?post=3522"}],"version-history":[{"count":6,"href":"https:\/\/nfg24.de\/w_press\/wp-json\/wp\/v2\/posts\/3522\/revisions"}],"predecessor-version":[{"id":3549,"href":"https:\/\/nfg24.de\/w_press\/wp-json\/wp\/v2\/posts\/3522\/revisions\/3549"}],"wp:featuredmedia":[{"embeddable":true,"href":"https:\/\/nfg24.de\/w_press\/wp-json\/wp\/v2\/media\/1351"}],"wp:attachment":[{"href":"https:\/\/nfg24.de\/w_press\/wp-json\/wp\/v2\/media?parent=3522"}],"wp:term":[{"taxonomy":"category","embeddable":true,"href":"https:\/\/nfg24.de\/w_press\/wp-json\/wp\/v2\/categories?post=3522"},{"taxonomy":"post_tag","embeddable":true,"href":"https:\/\/nfg24.de\/w_press\/wp-json\/wp\/v2\/tags?post=3522"}],"curies":[{"name":"wp","href":"https:\/\/api.w.org\/{rel}","templated":true}]}}