{"id":3514,"date":"2020-05-20T11:59:54","date_gmt":"2020-05-20T09:59:54","guid":{"rendered":"http:\/\/nfg24.de\/w_press\/?p=3514"},"modified":"2020-05-29T12:41:29","modified_gmt":"2020-05-29T10:41:29","slug":"die-jahrbuchvorbestellung-laeuft","status":"publish","type":"post","link":"https:\/\/nfg24.de\/w_press\/2020\/05\/20\/die-jahrbuchvorbestellung-laeuft\/","title":{"rendered":"Die Jahrbuchvorbestellung l\u00e4uft &#8230;"},"content":{"rendered":"<p>Liebe Sch\u00fclerinnen und Sch\u00fcler, liebe Lehrerinnen und Lehrer,<br \/>\ntrotz Corona oder vielleicht gerade deshalb gibt es auch in diesem Schuljahr ein<strong> Jahrbuch der nfg.<\/strong> Es enth\u00e4lt wie gewohnt interessante Berichte \u00fcber viele Ereignisse des ersten Schulhalbjahres. Leider konnten nicht <!--more-->alle Klassen fotografiert werden.<\/p>\n<p>Das Jahrbuch wird in einer geringen St\u00fcckzahl gedruckt. Es wird <strong>5,00 Euro <\/strong>kosten und nur nach Vorbestellung ab Mittwoch, 10.06.20 im Sekretariat zu kaufen sein.<\/p>\n<p>Wer ein Jahrbuch 2019\/20 <strong>verbindlich<\/strong> kaufen m\u00f6chte, trage sich bitte im Sekretariat in die entsprechende Liste. Ihr k\u00f6nnt auch im Sekretariat anrufen 039601 2910<br \/>\n<strong>ODER<br \/>\n<\/strong>die Einzelbestellung mit Angabe des Namens und der Klasse mir per E-Mail\u00a0 <a href=\"mailto:e.nowak@nfg24.de\">e.nowak@nfg24.de<\/a> senden.<\/p>\n<p>Die verbindliche <strong>Anmeldefrist endet am Mittwoch, 27.05.20<br \/>\n<\/strong><\/p>\n<p>Herzliche Gr\u00fc\u00dfe<br \/>\nE. Nowak, Kursleiterin &#8222;Jahrbuch&#8220;<\/p>\n<p><img loading=\"lazy\" decoding=\"async\" class=\"alignnone size-large wp-image-3515\" src=\"http:\/\/nfg24.de\/w_press\/wp-content\/uploads\/2020\/05\/Jahrbuch-800x587.jpg\" alt=\"\" width=\"780\" height=\"572\" srcset=\"https:\/\/nfg24.de\/w_press\/wp-content\/uploads\/2020\/05\/Jahrbuch-800x587.jpg 800w, https:\/\/nfg24.de\/w_press\/wp-content\/uploads\/2020\/05\/Jahrbuch-400x294.jpg 400w, https:\/\/nfg24.de\/w_press\/wp-content\/uploads\/2020\/05\/Jahrbuch-768x564.jpg 768w, https:\/\/nfg24.de\/w_press\/wp-content\/uploads\/2020\/05\/Jahrbuch.jpg 828w\" sizes=\"auto, (max-width: 780px) 100vw, 780px\" \/><\/p>\n","protected":false},"excerpt":{"rendered":"<p>Liebe Sch\u00fclerinnen und Sch\u00fcler, liebe Lehrerinnen und Lehrer, trotz Corona oder vielleicht gerade deshalb gibt es auch in diesem Schuljahr ein Jahrbuch der nfg. Es enth\u00e4lt wie gewohnt interessante Berichte \u00fcber viele Ereignisse des ersten &hellip; <a href=\"https:\/\/nfg24.de\/w_press\/2020\/05\/20\/die-jahrbuchvorbestellung-laeuft\/\">Weiterlesen<\/a><\/p>\n","protected":false},"author":1,"featured_media":108,"comment_status":"closed","ping_status":"closed","sticky":false,"template":"","format":"standard","meta":{"footnotes":""},"categories":[1],"tags":[],"class_list":["post-3514","post","type-post","status-publish","format-standard","has-post-thumbnail","hentry","category-news"],"_links":{"self":[{"href":"https:\/\/nfg24.de\/w_press\/wp-json\/wp\/v2\/posts\/3514","targetHints":{"allow":["GET"]}}],"collection":[{"href":"https:\/\/nfg24.de\/w_press\/wp-json\/wp\/v2\/posts"}],"about":[{"href":"https:\/\/nfg24.de\/w_press\/wp-json\/wp\/v2\/types\/post"}],"author":[{"embeddable":true,"href":"https:\/\/nfg24.de\/w_press\/wp-json\/wp\/v2\/users\/1"}],"replies":[{"embeddable":true,"href":"https:\/\/nfg24.de\/w_press\/wp-json\/wp\/v2\/comments?post=3514"}],"version-history":[{"count":5,"href":"https:\/\/nfg24.de\/w_press\/wp-json\/wp\/v2\/posts\/3514\/revisions"}],"predecessor-version":[{"id":3530,"href":"https:\/\/nfg24.de\/w_press\/wp-json\/wp\/v2\/posts\/3514\/revisions\/3530"}],"wp:featuredmedia":[{"embeddable":true,"href":"https:\/\/nfg24.de\/w_press\/wp-json\/wp\/v2\/media\/108"}],"wp:attachment":[{"href":"https:\/\/nfg24.de\/w_press\/wp-json\/wp\/v2\/media?parent=3514"}],"wp:term":[{"taxonomy":"category","embeddable":true,"href":"https:\/\/nfg24.de\/w_press\/wp-json\/wp\/v2\/categories?post=3514"},{"taxonomy":"post_tag","embeddable":true,"href":"https:\/\/nfg24.de\/w_press\/wp-json\/wp\/v2\/tags?post=3514"}],"curies":[{"name":"wp","href":"https:\/\/api.w.org\/{rel}","templated":true}]}}