{"id":3378,"date":"2020-05-11T18:03:16","date_gmt":"2020-05-11T16:03:16","guid":{"rendered":"http:\/\/nfg24.de\/w_press\/?p=3378"},"modified":"2020-05-20T12:01:09","modified_gmt":"2020-05-20T10:01:09","slug":"schrittweise-schuloeffnung-bis-zu-den-pfingstferien","status":"publish","type":"post","link":"https:\/\/nfg24.de\/w_press\/2020\/05\/11\/schrittweise-schuloeffnung-bis-zu-den-pfingstferien\/","title":{"rendered":"Schrittweise Schul\u00f6ffnung bis zu den Pfingstferien"},"content":{"rendered":"<p>Sehr geehrte Eltern, liebe Sch\u00fclerinnen und Sch\u00fcler,<br \/>\nnach nunmehr acht Wochen Schulschlie\u00dfung f\u00fcr einen Gro\u00dfteil unserer Sch\u00fclerschaft wollen wir die Schule schrittweise wieder \u00f6ffnen. Daf\u00fcr haben wir unter den Vorgaben des Bildungsministeriums eine Zeitschiene f\u00fcr den Schulunterricht bis Pfingsten entwickelt. Jede Klassenstufe wird an unterschiedlichen Tagen im Pr\u00e4senzunterricht <!--more-->in der Schule beschult, beginnend mit den f\u00fcnften Klassen am Donnerstag, 14. Mai 2020, gefolgt von den sechsten Klassen am Freitag, 15. Mai 2020. Die zehnten Klassen des gymnasialen Schulzweiges folgen ab Montag, 18. Mai 2020, und die siebten sowie achten Klassen des Regionalschulzweiges starten am Mittwoch, 20. Mai 2020. Der Unterricht findet in vorher vom Klassenleiter festgelegten Gruppen unter Einhaltung aller Hygienema\u00dfnahmen statt.<\/p>\n<p>Die nachfolgende Tabelle gibt an, an welchem Tag welche Klassenstufe jeweils den Pr\u00e4senzunterricht in der Schule besucht.<\/p>\n<hr \/>\n<table>\n<tbody>\n<tr>\n<td width=\"102\"><strong>Pr\u00e4senztag<\/strong><\/td>\n<td width=\"47\"><strong>Do, 14.5.<\/strong><\/td>\n<td width=\"47\"><strong>Fr, 15.5.<\/strong><\/td>\n<td width=\"47\"><strong>Mo, 18.5.<\/strong><\/td>\n<td width=\"47\"><strong>Di, 19.5.<\/strong><\/td>\n<td width=\"47\"><strong>Mi, 20.5.<\/strong><\/td>\n<td width=\"47\"><strong>Mo, 25.5.<\/strong><\/td>\n<td width=\"47\"><strong>Di, 26.5.<\/strong><\/td>\n<td width=\"47\"><strong>Mi, 27.5.<\/strong><\/td>\n<td width=\"47\"><strong>Do, 28.5.<\/strong><\/td>\n<\/tr>\n<tr>\n<td rowspan=\"2\" width=\"102\"><strong>anwesende Klassenstufe\/n<\/strong><\/td>\n<td width=\"47\">5<\/td>\n<td width=\"47\">6<\/td>\n<td width=\"47\">10G<\/td>\n<td width=\"47\">10G<\/td>\n<td width=\"47\">7R<\/td>\n<td width=\"47\">9R<\/td>\n<td width=\"47\">5<\/td>\n<td width=\"47\">6<\/td>\n<td width=\"47\">7R<\/td>\n<\/tr>\n<tr>\n<td width=\"47\"><\/td>\n<td width=\"47\">9R<\/td>\n<td width=\"47\">11LK<\/td>\n<td width=\"47\">11GK<\/td>\n<td width=\"47\">8R<\/td>\n<td width=\"47\">11LK<\/td>\n<td width=\"47\">11GK<\/td>\n<td width=\"47\">10G<\/td>\n<td width=\"47\">8R<\/td>\n<\/tr>\n<\/tbody>\n<\/table>\n<p>F\u00fcr die Wochentage, an denen f\u00fcr die einzelnen Klassenstufen kein Pr\u00e4senzunterricht in der Schule stattfindet, werden durch die Kolleginnen und Kollegen Aufgaben f\u00fcr den Heimunterricht via Aufgabenablage bereitstellen oder den Sch\u00fclerinnen und Sch\u00fclern das Material am Pr\u00e4senztag mit nach Hause gegeben.<\/p>\n<p>Der Unterricht der elften Klassen \u00e4ndert sich diese Woche dahingehend, dass der Pr\u00e4senzunterricht bis Mittwoch nach bekanntem Stundenplan verl\u00e4uft, jedoch Donnerstag und Freitag von den Fachlehrern Aufgaben f\u00fcr den Heimunterricht bereitgestellt werden (wie vor der Schuler\u00f6ffnung).<\/p>\n<p>Der Unterricht f\u00fcr die Klassenstufen sieben bis neun des gymnasialen Schulzweiges beginnt ab Mittwoch, 03. Juni 2020. Alle relevanten Informationen werden wir zeitnah \u00fcber die Homepage ver\u00f6ffentlichen.<\/p>\n<p>Sollte es in den Klassenstufen f\u00fcnf bis neun Gespr\u00e4chsbedarf von elterlicher Seite aus geben, finden jeweils Dienstag, 19. Mai und 26. Mai 2020 Konsultationstage von 13 bis 15 Uhr in der Schule statt. Ein Gespr\u00e4ch bedarf einer vorherigen schriftlichen Anmeldung (bestensfalls per E-Mail \u00fcber das Sekretariat) bis sp\u00e4testens zwei Werktage vor dem gew\u00fcnschten Termin.<\/p>\n<p>Herzliche Gr\u00fc\u00dfe<br \/>\nHeiko B\u00f6hnke, Schulleiter<\/p>\n","protected":false},"excerpt":{"rendered":"<p>Sehr geehrte Eltern, liebe Sch\u00fclerinnen und Sch\u00fcler, nach nunmehr acht Wochen Schulschlie\u00dfung f\u00fcr einen Gro\u00dfteil unserer Sch\u00fclerschaft wollen wir die Schule schrittweise wieder \u00f6ffnen. Daf\u00fcr haben wir unter den Vorgaben des Bildungsministeriums eine Zeitschiene f\u00fcr &hellip; <a href=\"https:\/\/nfg24.de\/w_press\/2020\/05\/11\/schrittweise-schuloeffnung-bis-zu-den-pfingstferien\/\">Weiterlesen<\/a><\/p>\n","protected":false},"author":1,"featured_media":1351,"comment_status":"closed","ping_status":"closed","sticky":false,"template":"","format":"standard","meta":{"footnotes":""},"categories":[1],"tags":[],"class_list":["post-3378","post","type-post","status-publish","format-standard","has-post-thumbnail","hentry","category-news"],"_links":{"self":[{"href":"https:\/\/nfg24.de\/w_press\/wp-json\/wp\/v2\/posts\/3378","targetHints":{"allow":["GET"]}}],"collection":[{"href":"https:\/\/nfg24.de\/w_press\/wp-json\/wp\/v2\/posts"}],"about":[{"href":"https:\/\/nfg24.de\/w_press\/wp-json\/wp\/v2\/types\/post"}],"author":[{"embeddable":true,"href":"https:\/\/nfg24.de\/w_press\/wp-json\/wp\/v2\/users\/1"}],"replies":[{"embeddable":true,"href":"https:\/\/nfg24.de\/w_press\/wp-json\/wp\/v2\/comments?post=3378"}],"version-history":[{"count":11,"href":"https:\/\/nfg24.de\/w_press\/wp-json\/wp\/v2\/posts\/3378\/revisions"}],"predecessor-version":[{"id":3520,"href":"https:\/\/nfg24.de\/w_press\/wp-json\/wp\/v2\/posts\/3378\/revisions\/3520"}],"wp:featuredmedia":[{"embeddable":true,"href":"https:\/\/nfg24.de\/w_press\/wp-json\/wp\/v2\/media\/1351"}],"wp:attachment":[{"href":"https:\/\/nfg24.de\/w_press\/wp-json\/wp\/v2\/media?parent=3378"}],"wp:term":[{"taxonomy":"category","embeddable":true,"href":"https:\/\/nfg24.de\/w_press\/wp-json\/wp\/v2\/categories?post=3378"},{"taxonomy":"post_tag","embeddable":true,"href":"https:\/\/nfg24.de\/w_press\/wp-json\/wp\/v2\/tags?post=3378"}],"curies":[{"name":"wp","href":"https:\/\/api.w.org\/{rel}","templated":true}]}}