{"id":3369,"date":"2020-04-29T13:49:13","date_gmt":"2020-04-29T11:49:13","guid":{"rendered":"http:\/\/nfg24.de\/w_press\/?p=3369"},"modified":"2020-05-16T17:05:57","modified_gmt":"2020-05-16T15:05:57","slug":"unterrichtsbeginn-fuer-die-klassen-9r-und-11-ab-montag-04-mai-2020","status":"publish","type":"post","link":"https:\/\/nfg24.de\/w_press\/2020\/04\/29\/unterrichtsbeginn-fuer-die-klassen-9r-und-11-ab-montag-04-mai-2020\/","title":{"rendered":"Unterrichtsbeginn f\u00fcr die Klassen 9R und 11 ab Montag, 04. Mai 2020"},"content":{"rendered":"<p>Liebe Sch\u00fclerinnen und Sch\u00fcler,<br \/>\nnachdem bereits die Jahrg\u00e4nge, die in diesem Jahr an Abschlusspr\u00fcfungen teilnehmen, bereits seit dem 27. April wieder in der Schule sind, freuen wir uns, ab 04.Mai 2020 auch die Klassen 9R und 11 wieder begr\u00fc\u00dfen <!--more-->zu k\u00f6nnen. Unter Einhaltung der Hygieneregeln werden wir pro Tag von 7.30 Uhr bis 12.30 Uhr drei Unterrichtsbl\u00f6cke in Gruppen von h\u00f6chstens 15 Sch\u00fclerinnen und Sch\u00fclern nach einem Sonderstundenplan anbieten. <strong>Der Stundenplan f\u00fcr die Woche vom 4.5. bis 8.5. ist in den jeweiligen Klassenordnern in der Aufgabenablage hochgeladen<\/strong>. Sollte ein Schulbesuch wegen Vorerkrankungen nicht m\u00f6glich sein, bitten wir am Montag um eine Information durch die Eltern.<\/p>\n<p>Bringt bitte am 1.Tag (Montag) den Hefter mit, in dem ihr, nach F\u00e4chern geordnet, alle Materialien abgeheftet habt, die ihr in den letzten sechs Wochen zu Hause f\u00fcr die Schule bearbeitet habt und denkt daran, dass im Schulbus eine Pflicht zum Tragen einer Mund-Nasen-Schutzmaske besteht. In der Schule selbst ist dies zur Zeit keine Pflicht. Wir haben allerdings einige Masken in der Schule und k\u00f6nnen im Notfall aushelfen. Am Eingang der Schule steht ein Spender mit Desinfektionsmittel, den ihr bitte beim Betreten der Schule benutzt.<\/p>\n<p>Herzliche Gr\u00fc\u00dfe<br \/>\nHeiko B\u00f6hnke, Schulleiter<\/p>\n","protected":false},"excerpt":{"rendered":"<p>Liebe Sch\u00fclerinnen und Sch\u00fcler, nachdem bereits die Jahrg\u00e4nge, die in diesem Jahr an Abschlusspr\u00fcfungen teilnehmen, bereits seit dem 27. April wieder in der Schule sind, freuen wir uns, ab 04.Mai 2020 auch die Klassen 9R &hellip; <a href=\"https:\/\/nfg24.de\/w_press\/2020\/04\/29\/unterrichtsbeginn-fuer-die-klassen-9r-und-11-ab-montag-04-mai-2020\/\">Weiterlesen<\/a><\/p>\n","protected":false},"author":1,"featured_media":1351,"comment_status":"closed","ping_status":"closed","sticky":false,"template":"","format":"standard","meta":{"footnotes":""},"categories":[1],"tags":[],"class_list":["post-3369","post","type-post","status-publish","format-standard","has-post-thumbnail","hentry","category-news"],"_links":{"self":[{"href":"https:\/\/nfg24.de\/w_press\/wp-json\/wp\/v2\/posts\/3369","targetHints":{"allow":["GET"]}}],"collection":[{"href":"https:\/\/nfg24.de\/w_press\/wp-json\/wp\/v2\/posts"}],"about":[{"href":"https:\/\/nfg24.de\/w_press\/wp-json\/wp\/v2\/types\/post"}],"author":[{"embeddable":true,"href":"https:\/\/nfg24.de\/w_press\/wp-json\/wp\/v2\/users\/1"}],"replies":[{"embeddable":true,"href":"https:\/\/nfg24.de\/w_press\/wp-json\/wp\/v2\/comments?post=3369"}],"version-history":[{"count":7,"href":"https:\/\/nfg24.de\/w_press\/wp-json\/wp\/v2\/posts\/3369\/revisions"}],"predecessor-version":[{"id":3395,"href":"https:\/\/nfg24.de\/w_press\/wp-json\/wp\/v2\/posts\/3369\/revisions\/3395"}],"wp:featuredmedia":[{"embeddable":true,"href":"https:\/\/nfg24.de\/w_press\/wp-json\/wp\/v2\/media\/1351"}],"wp:attachment":[{"href":"https:\/\/nfg24.de\/w_press\/wp-json\/wp\/v2\/media?parent=3369"}],"wp:term":[{"taxonomy":"category","embeddable":true,"href":"https:\/\/nfg24.de\/w_press\/wp-json\/wp\/v2\/categories?post=3369"},{"taxonomy":"post_tag","embeddable":true,"href":"https:\/\/nfg24.de\/w_press\/wp-json\/wp\/v2\/tags?post=3369"}],"curies":[{"name":"wp","href":"https:\/\/api.w.org\/{rel}","templated":true}]}}