{"id":3303,"date":"2020-04-07T14:26:12","date_gmt":"2020-04-07T12:26:12","guid":{"rendered":"http:\/\/nfg24.de\/w_press\/?p=3303"},"modified":"2020-05-16T17:04:55","modified_gmt":"2020-05-16T15:04:55","slug":"ostergruesse-von-der-schulleitung","status":"publish","type":"post","link":"https:\/\/nfg24.de\/w_press\/2020\/04\/07\/ostergruesse-von-der-schulleitung\/","title":{"rendered":"Ostergr\u00fc\u00dfe von der Schulleitung"},"content":{"rendered":"<p>Sehr geehrte Eltern, liebe Sch\u00fclerinnen und Sch\u00fcler,<br \/>\nseit \u00fcber drei Wochen sind die Schulen in Mecklenburg Vorpommern mittlerweile geschlossen und mindestens bis zum 20. April wird sich daran auch nichts \u00e4ndern. Wie es danach weiter geht, wird <!--more-->sich in den n\u00e4chsten Tagen entscheiden. Je l\u00e4nger diese Phase dauert, umso belastender ist es, ohne pers\u00f6nliche Kontakte zu Familienmitgliedern oder Freunden zu sein. Ob Schule und Unterricht von jedem vermisst wird, wei\u00df ich nicht, die R\u00fcckmeldungen sagen jedenfalls, dass sehr viele unserer Sch\u00fclerinnen und Sch\u00fcler das digitale Angebot angenommen haben und zu Hause arbeiten.<\/p>\n<p>Am Montag haben nun aber erst einmal die Osterferien begonnen. Auch wenn die Feiertage anders ablaufen als wir das gewohnt sind, w\u00fcnsche ich Ihnen und euch im Namen des ganzen Kollegiums der nfg ein frohes, ruhiges Osterfest im Kreise Ihrer engsten Familie und vor allem Gesundheit f\u00fcr Sie und Ihre Angeh\u00f6rigen.<\/p>\n<p>In der Hoffnung darauf, dass sich ab dem 20. April 2020 schrittweise wieder Normalit\u00e4t einstellt verbleibe ich mit herzlichsten Gr\u00fc\u00dfen<\/p>\n<p>Heiko B\u00f6hnke, Schulleiter<\/p>\n","protected":false},"excerpt":{"rendered":"<p>Sehr geehrte Eltern, liebe Sch\u00fclerinnen und Sch\u00fcler, seit \u00fcber drei Wochen sind die Schulen in Mecklenburg Vorpommern mittlerweile geschlossen und mindestens bis zum 20. April wird sich daran auch nichts \u00e4ndern. Wie es danach weiter &hellip; <a href=\"https:\/\/nfg24.de\/w_press\/2020\/04\/07\/ostergruesse-von-der-schulleitung\/\">Weiterlesen<\/a><\/p>\n","protected":false},"author":1,"featured_media":510,"comment_status":"closed","ping_status":"closed","sticky":false,"template":"","format":"standard","meta":{"footnotes":""},"categories":[1],"tags":[],"class_list":["post-3303","post","type-post","status-publish","format-standard","has-post-thumbnail","hentry","category-news"],"_links":{"self":[{"href":"https:\/\/nfg24.de\/w_press\/wp-json\/wp\/v2\/posts\/3303","targetHints":{"allow":["GET"]}}],"collection":[{"href":"https:\/\/nfg24.de\/w_press\/wp-json\/wp\/v2\/posts"}],"about":[{"href":"https:\/\/nfg24.de\/w_press\/wp-json\/wp\/v2\/types\/post"}],"author":[{"embeddable":true,"href":"https:\/\/nfg24.de\/w_press\/wp-json\/wp\/v2\/users\/1"}],"replies":[{"embeddable":true,"href":"https:\/\/nfg24.de\/w_press\/wp-json\/wp\/v2\/comments?post=3303"}],"version-history":[{"count":2,"href":"https:\/\/nfg24.de\/w_press\/wp-json\/wp\/v2\/posts\/3303\/revisions"}],"predecessor-version":[{"id":3391,"href":"https:\/\/nfg24.de\/w_press\/wp-json\/wp\/v2\/posts\/3303\/revisions\/3391"}],"wp:featuredmedia":[{"embeddable":true,"href":"https:\/\/nfg24.de\/w_press\/wp-json\/wp\/v2\/media\/510"}],"wp:attachment":[{"href":"https:\/\/nfg24.de\/w_press\/wp-json\/wp\/v2\/media?parent=3303"}],"wp:term":[{"taxonomy":"category","embeddable":true,"href":"https:\/\/nfg24.de\/w_press\/wp-json\/wp\/v2\/categories?post=3303"},{"taxonomy":"post_tag","embeddable":true,"href":"https:\/\/nfg24.de\/w_press\/wp-json\/wp\/v2\/tags?post=3303"}],"curies":[{"name":"wp","href":"https:\/\/api.w.org\/{rel}","templated":true}]}}