{"id":2007,"date":"2018-10-15T14:50:15","date_gmt":"2018-10-15T12:50:15","guid":{"rendered":"http:\/\/nfg24.de\/w_press\/?p=2007"},"modified":"2018-10-15T14:50:53","modified_gmt":"2018-10-15T12:50:53","slug":"projektstart-warmup-jugendkultur-fuer-demokratie","status":"publish","type":"post","link":"https:\/\/nfg24.de\/w_press\/2018\/10\/15\/projektstart-warmup-jugendkultur-fuer-demokratie\/","title":{"rendered":"Projektstart WarmUp! \u2013 Jugendkultur f\u00fcr Demokratie"},"content":{"rendered":"<p>Am Freitag, den 05.10.2018 fand unsere Auftaktveranstaltung f\u00fcr das Projekt \u201eWarmUp! \u2013 Jugendkultur f\u00fcr Demokratie\u201c statt. Tr\u00e4ger des Projektes ist die Mecklenburger AnStiftung.<!--more--><br \/>\nDas Projekt ist f\u00fcr einen Zeitraum von drei Jahren konzipiert und richtet sich an Sch\u00fclerInnen der Klassenstufe 8 bis 10 des Regionalschulbereiches. Im Anschluss an die Auftaktveranstaltung fanden f\u00fcr die genannten Sch\u00fclerInnen Workshops statt. Inhaltlich wurden unter anderem folgende Themen behandelt:<\/p>\n<ul>\n<li>wertsch\u00e4tzendes Miteinander<\/li>\n<li>gewaltfreie Probleml\u00f6sung<\/li>\n<li>Toleranz<\/li>\n<li>Leben in der Demokratie<\/li>\n<\/ul>\n<p>Es war ein interessanter Tag f\u00fcr alle Beteiligten.<br \/>\nGemeinsam mit den Klassenlehrern und Sch\u00fclerInnen werden wir zuk\u00fcnftige Module und Projekte ausw\u00e4hlen, organisieren und durchf\u00fchren.<\/p>\n<div id=\"metaslider-id-1990\" style=\"max-width: 800px; margin: 0 auto;\" class=\"ml-slider-3-108-0 metaslider metaslider-flex metaslider-1990 ml-slider has-dots-nav ms-theme-default\" role=\"region\" aria-label=\"Demokratie18\" data-height=\"600\" data-width=\"800\">\n    <div id=\"metaslider_container_1990\">\n        <div id=\"metaslider_1990\" class=\"flexslider\">\n            <ul class='slides'>\n                <li style=\"display: block; width: 100%;\" class=\"slide-2014 ms-image \" aria-roledescription=\"slide\" data-date=\"2018-10-15 14:47:01\" data-filename=\"demokratie2.jpg\" data-slide-type=\"image\"><img loading=\"lazy\" decoding=\"async\" src=\"https:\/\/nfg24.de\/w_press\/wp-content\/uploads\/2018\/10\/demokratie2.jpg\" height=\"600\" width=\"800\" alt=\"\" class=\"slider-1990 slide-2014 msDefaultImage\" \/><\/li>\n                <li style=\"display: none; width: 100%;\" class=\"slide-2015 ms-image \" aria-roledescription=\"slide\" data-date=\"2018-10-15 14:47:01\" data-filename=\"demokratie3.jpg\" data-slide-type=\"image\"><img loading=\"lazy\" decoding=\"async\" src=\"https:\/\/nfg24.de\/w_press\/wp-content\/uploads\/2018\/10\/demokratie3.jpg\" height=\"600\" width=\"800\" alt=\"\" class=\"slider-1990 slide-2015 msDefaultImage\" \/><\/li>\n                <li style=\"display: none; width: 100%;\" class=\"slide-2016 ms-image \" aria-roledescription=\"slide\" data-date=\"2018-10-15 14:47:01\" data-filename=\"demokratie4.jpg\" data-slide-type=\"image\"><img loading=\"lazy\" decoding=\"async\" src=\"https:\/\/nfg24.de\/w_press\/wp-content\/uploads\/2018\/10\/demokratie4.jpg\" height=\"600\" width=\"800\" alt=\"\" class=\"slider-1990 slide-2016 msDefaultImage\" \/><\/li>\n            <\/ul>\n        <\/div>\n        \n    <\/div>\n<\/div>\n","protected":false},"excerpt":{"rendered":"<p>Am Freitag, den 05.10.2018 fand unsere Auftaktveranstaltung f\u00fcr das Projekt \u201eWarmUp! \u2013 Jugendkultur f\u00fcr Demokratie\u201c statt. Tr\u00e4ger des Projektes ist die Mecklenburger AnStiftung.<\/p>\n","protected":false},"author":1,"featured_media":2010,"comment_status":"closed","ping_status":"closed","sticky":false,"template":"","format":"standard","meta":{"footnotes":""},"categories":[1],"tags":[],"class_list":["post-2007","post","type-post","status-publish","format-standard","has-post-thumbnail","hentry","category-news"],"_links":{"self":[{"href":"https:\/\/nfg24.de\/w_press\/wp-json\/wp\/v2\/posts\/2007","targetHints":{"allow":["GET"]}}],"collection":[{"href":"https:\/\/nfg24.de\/w_press\/wp-json\/wp\/v2\/posts"}],"about":[{"href":"https:\/\/nfg24.de\/w_press\/wp-json\/wp\/v2\/types\/post"}],"author":[{"embeddable":true,"href":"https:\/\/nfg24.de\/w_press\/wp-json\/wp\/v2\/users\/1"}],"replies":[{"embeddable":true,"href":"https:\/\/nfg24.de\/w_press\/wp-json\/wp\/v2\/comments?post=2007"}],"version-history":[{"count":3,"href":"https:\/\/nfg24.de\/w_press\/wp-json\/wp\/v2\/posts\/2007\/revisions"}],"predecessor-version":[{"id":2018,"href":"https:\/\/nfg24.de\/w_press\/wp-json\/wp\/v2\/posts\/2007\/revisions\/2018"}],"wp:featuredmedia":[{"embeddable":true,"href":"https:\/\/nfg24.de\/w_press\/wp-json\/wp\/v2\/media\/2010"}],"wp:attachment":[{"href":"https:\/\/nfg24.de\/w_press\/wp-json\/wp\/v2\/media?parent=2007"}],"wp:term":[{"taxonomy":"category","embeddable":true,"href":"https:\/\/nfg24.de\/w_press\/wp-json\/wp\/v2\/categories?post=2007"},{"taxonomy":"post_tag","embeddable":true,"href":"https:\/\/nfg24.de\/w_press\/wp-json\/wp\/v2\/tags?post=2007"}],"curies":[{"name":"wp","href":"https:\/\/api.w.org\/{rel}","templated":true}]}}