{"id":1967,"date":"2018-08-27T19:19:33","date_gmt":"2018-08-27T17:19:33","guid":{"rendered":"http:\/\/nfg24.de\/w_press\/?p=1967"},"modified":"2018-08-27T19:19:33","modified_gmt":"2018-08-27T17:19:33","slug":"fahrradpass-im-rahmen-des-praeventionsunterrichtes","status":"publish","type":"post","link":"https:\/\/nfg24.de\/w_press\/2018\/08\/27\/fahrradpass-im-rahmen-des-praeventionsunterrichtes\/","title":{"rendered":"Fahrradpass im Rahmen des Pr\u00e4ventionsunterrichtes"},"content":{"rendered":"<p>Am 21. und 22. August 2018 fanden die praktischen Pr\u00fcfungen der 6. Klassen zum Erwerb des Fahrradpasses statt. Dazu trafen sich die Sch\u00fclerInnen im Verkehrsgarten des Ausbildungsf\u00f6rderungszentrum Friedland. <!--more-->Hier wurden sie von den Mitgliedern der Verkehrswacht Mecklenburg &#8211; Strelitz e.V. unter der Leitung von Herrn Eggebrecht begr\u00fc\u00dft und eingewiesen. Nach einer kurzen \u00dcbungsrunde begann die Pr\u00fcfungsfahrzeit. Jetzt mussten die Sch\u00fclerinnen und Sch\u00fcler zeigen, dass sie mit den Verkehrszeichen, Vorfahrten und vielen anderen Dingen, die bei der Teilnahme am Stra\u00dfenverkehr wichtig sind, gut zurechtkommen. Unter den wachsamen Augen der Kollegen von der Verkehrswacht, von Herrn Riebe und dem jeweiligem Klassenlehrer fuhren die Sch\u00fcler ihre Pr\u00fcfungsstrecke. Alle Teilnehmer gaben sich gro\u00dfe M\u00fche und hatten viel Spa\u00df beim Fahren. Jetzt gilt es noch die theoretische Pr\u00fcfung zu absolvieren, die in den n\u00e4chsten Tagen auf dem Plan steht.<br \/>\nDer Besitz des Fahrradpasses ist unter anderem die Grundlage f\u00fcr das Auswahlverfahren der Teilnehmer an der Fahrradrallye in Neustrelitz.<\/p>\n<p><img loading=\"lazy\" decoding=\"async\" class=\"aligncenter wp-image-1969 size-full\" src=\"http:\/\/nfg24.de\/w_press\/wp-content\/uploads\/2018\/08\/fahrrad-18.jpg\" alt=\"\" width=\"800\" height=\"600\" srcset=\"https:\/\/nfg24.de\/w_press\/wp-content\/uploads\/2018\/08\/fahrrad-18.jpg 800w, https:\/\/nfg24.de\/w_press\/wp-content\/uploads\/2018\/08\/fahrrad-18-400x300.jpg 400w, https:\/\/nfg24.de\/w_press\/wp-content\/uploads\/2018\/08\/fahrrad-18-768x576.jpg 768w\" sizes=\"auto, (max-width: 800px) 100vw, 800px\" \/><\/p>\n","protected":false},"excerpt":{"rendered":"<p>Am 21. und 22. August 2018 fanden die praktischen Pr\u00fcfungen der 6. Klassen zum Erwerb des Fahrradpasses statt. Dazu trafen sich die Sch\u00fclerInnen im Verkehrsgarten des Ausbildungsf\u00f6rderungszentrum Friedland.<\/p>\n","protected":false},"author":1,"featured_media":1969,"comment_status":"closed","ping_status":"closed","sticky":false,"template":"","format":"standard","meta":{"footnotes":""},"categories":[1],"tags":[],"class_list":["post-1967","post","type-post","status-publish","format-standard","has-post-thumbnail","hentry","category-news"],"_links":{"self":[{"href":"https:\/\/nfg24.de\/w_press\/wp-json\/wp\/v2\/posts\/1967","targetHints":{"allow":["GET"]}}],"collection":[{"href":"https:\/\/nfg24.de\/w_press\/wp-json\/wp\/v2\/posts"}],"about":[{"href":"https:\/\/nfg24.de\/w_press\/wp-json\/wp\/v2\/types\/post"}],"author":[{"embeddable":true,"href":"https:\/\/nfg24.de\/w_press\/wp-json\/wp\/v2\/users\/1"}],"replies":[{"embeddable":true,"href":"https:\/\/nfg24.de\/w_press\/wp-json\/wp\/v2\/comments?post=1967"}],"version-history":[{"count":2,"href":"https:\/\/nfg24.de\/w_press\/wp-json\/wp\/v2\/posts\/1967\/revisions"}],"predecessor-version":[{"id":1970,"href":"https:\/\/nfg24.de\/w_press\/wp-json\/wp\/v2\/posts\/1967\/revisions\/1970"}],"wp:featuredmedia":[{"embeddable":true,"href":"https:\/\/nfg24.de\/w_press\/wp-json\/wp\/v2\/media\/1969"}],"wp:attachment":[{"href":"https:\/\/nfg24.de\/w_press\/wp-json\/wp\/v2\/media?parent=1967"}],"wp:term":[{"taxonomy":"category","embeddable":true,"href":"https:\/\/nfg24.de\/w_press\/wp-json\/wp\/v2\/categories?post=1967"},{"taxonomy":"post_tag","embeddable":true,"href":"https:\/\/nfg24.de\/w_press\/wp-json\/wp\/v2\/tags?post=1967"}],"curies":[{"name":"wp","href":"https:\/\/api.w.org\/{rel}","templated":true}]}}