{"id":1867,"date":"2018-07-01T20:28:34","date_gmt":"2018-07-01T18:28:34","guid":{"rendered":"http:\/\/nfg24.de\/w_press\/?p=1867"},"modified":"2018-07-01T20:30:15","modified_gmt":"2018-07-01T18:30:15","slug":"feierliche-zeugnisuebergaben","status":"publish","type":"post","link":"https:\/\/nfg24.de\/w_press\/2018\/07\/01\/feierliche-zeugnisuebergaben\/","title":{"rendered":"Feierliche Zeugnis\u00fcbergaben"},"content":{"rendered":"<p>Absolventinnen und Absolventen des regionalen und des gymnasialen Schulteils erhielten am Freitag, den 29.06.18 im Atrium der Schule ihre Zeugnisse. Der Chor lieferte mit Gesangs- und Instrumentalbeitr\u00e4gen einen w\u00fcrdigen Rahmen f\u00fcr diese feierliche Veranstaltung. <!--more--> Die Besten unter den jungen Leuten nahmen voller Freude und Stolz Auszeichnungen entgegen, die auch in diesem Jahr wieder, zum Teil dank der Unterst\u00fctzung des Schulvereins, verliehen werden konnten. So erhielten Peggy Bacher und Medea Anders eine Geldpr\u00e4mie f\u00fcr das beste Zeugnis der mittleren Reife und Danielle Wendorf und Leon K\u00f6ller mit einem Durchschnitt von 1,0 f\u00fcr den besten Abschluss unter den Abiturienten. Zu den Geehrten z\u00e4hlten an diesem Abend auch Karl Teske und Max Wildgrube. Sie erhielten eine Auszeichnung des Landrats des Kreises Mecklenburgische Seenplatte f\u00fcr ihr besonderes schulisches Engagement. Fr\u00f6hlich und ausgelassen feierten die Abg\u00e4nger des Jahrganges 2017\/18 anschlie\u00dfend ihre Abschl\u00fcsse in Friedland.<\/p>\n<div id=\"metaslider-id-1871\" style=\"max-width: 800px; margin: 0 auto;\" class=\"ml-slider-3-108-0 metaslider metaslider-flex metaslider-1871 ml-slider has-dots-nav ms-theme-default\" role=\"region\" aria-label=\"Zeugnisse-18\" data-height=\"600\" data-width=\"800\">\n    <div id=\"metaslider_container_1871\">\n        <div id=\"metaslider_1871\" class=\"flexslider\">\n            <ul class='slides'>\n                <li style=\"display: block; width: 100%;\" class=\"slide-1875 ms-image \" aria-roledescription=\"slide\" data-date=\"2018-07-01 20:25:40\" data-filename=\"Zeugnis18-10-1.jpg\" data-slide-type=\"image\"><img loading=\"lazy\" decoding=\"async\" src=\"https:\/\/nfg24.de\/w_press\/wp-content\/uploads\/2018\/07\/Zeugnis18-10-1.jpg\" height=\"600\" width=\"800\" alt=\"\" class=\"slider-1871 slide-1875 msDefaultImage\" \/><\/li>\n                <li style=\"display: none; width: 100%;\" class=\"slide-1876 ms-image \" aria-roledescription=\"slide\" data-date=\"2018-07-01 20:25:40\" data-filename=\"Zeugnis18-10-2.jpg\" data-slide-type=\"image\"><img loading=\"lazy\" decoding=\"async\" src=\"https:\/\/nfg24.de\/w_press\/wp-content\/uploads\/2018\/07\/Zeugnis18-10-2.jpg\" height=\"600\" width=\"800\" alt=\"\" class=\"slider-1871 slide-1876 msDefaultImage\" \/><\/li>\n                <li style=\"display: none; width: 100%;\" class=\"slide-1877 ms-image \" aria-roledescription=\"slide\" data-date=\"2018-07-01 20:25:40\" data-filename=\"Zeugnis18-abi-1.jpg\" data-slide-type=\"image\"><img loading=\"lazy\" decoding=\"async\" src=\"https:\/\/nfg24.de\/w_press\/wp-content\/uploads\/2018\/07\/Zeugnis18-abi-1.jpg\" height=\"600\" width=\"800\" alt=\"\" class=\"slider-1871 slide-1877 msDefaultImage\" \/><\/li>\n            <\/ul>\n        <\/div>\n        \n    <\/div>\n<\/div>\n","protected":false},"excerpt":{"rendered":"<p>Absolventinnen und Absolventen des regionalen und des gymnasialen Schulteils erhielten am Freitag, den 29.06.18 im Atrium der Schule ihre Zeugnisse. Der Chor lieferte mit Gesangs- und Instrumentalbeitr\u00e4gen einen w\u00fcrdigen Rahmen f\u00fcr diese feierliche Veranstaltung.<\/p>\n","protected":false},"author":1,"featured_media":1872,"comment_status":"closed","ping_status":"closed","sticky":false,"template":"","format":"standard","meta":{"footnotes":""},"categories":[1],"tags":[],"class_list":["post-1867","post","type-post","status-publish","format-standard","has-post-thumbnail","hentry","category-news"],"_links":{"self":[{"href":"https:\/\/nfg24.de\/w_press\/wp-json\/wp\/v2\/posts\/1867","targetHints":{"allow":["GET"]}}],"collection":[{"href":"https:\/\/nfg24.de\/w_press\/wp-json\/wp\/v2\/posts"}],"about":[{"href":"https:\/\/nfg24.de\/w_press\/wp-json\/wp\/v2\/types\/post"}],"author":[{"embeddable":true,"href":"https:\/\/nfg24.de\/w_press\/wp-json\/wp\/v2\/users\/1"}],"replies":[{"embeddable":true,"href":"https:\/\/nfg24.de\/w_press\/wp-json\/wp\/v2\/comments?post=1867"}],"version-history":[{"count":5,"href":"https:\/\/nfg24.de\/w_press\/wp-json\/wp\/v2\/posts\/1867\/revisions"}],"predecessor-version":[{"id":1884,"href":"https:\/\/nfg24.de\/w_press\/wp-json\/wp\/v2\/posts\/1867\/revisions\/1884"}],"wp:featuredmedia":[{"embeddable":true,"href":"https:\/\/nfg24.de\/w_press\/wp-json\/wp\/v2\/media\/1872"}],"wp:attachment":[{"href":"https:\/\/nfg24.de\/w_press\/wp-json\/wp\/v2\/media?parent=1867"}],"wp:term":[{"taxonomy":"category","embeddable":true,"href":"https:\/\/nfg24.de\/w_press\/wp-json\/wp\/v2\/categories?post=1867"},{"taxonomy":"post_tag","embeddable":true,"href":"https:\/\/nfg24.de\/w_press\/wp-json\/wp\/v2\/tags?post=1867"}],"curies":[{"name":"wp","href":"https:\/\/api.w.org\/{rel}","templated":true}]}}